{"id":11755,"date":"2021-03-06T15:52:09","date_gmt":"2021-03-06T21:52:09","guid":{"rendered":"https:\/\/encuentroinformativo.com.mx\/?p=11755"},"modified":"2021-03-06T15:52:12","modified_gmt":"2021-03-06T21:52:12","slug":"autoridades-deben-reconocer-problematica-para-garantizar-seguridad-de-candidatos-equifonia","status":"publish","type":"post","link":"https:\/\/encuentroinformativo.com.mx\/?p=11755","title":{"rendered":"Autoridades deben reconocer problem\u00e1tica para garantizar seguridad de candidatos: Equifon\u00eda"},"content":{"rendered":"\n<p><strong>Dar\u00edo Pale<\/strong><\/p>\n\n\n\n<p>Xalapa, Ver.- La coordinadora de la organizaci\u00f3n Equifon\u00eda Araceli Gonz\u00e1lez Saavedra, se\u00f1al\u00f3 que es urgente que tanto el Gobierno de Veracruz, encabezado por Cuitl\u00e1huac Garc\u00eda Jim\u00e9nez, as\u00ed como los \u00f3rganos locales, reconozcan que existe una problem\u00e1tica en cuanto a la seguridad de los aspirantes a un cargo de elecci\u00f3n popular.<\/p>\n\n\n\n<p>Entrevistada en conocido caf\u00e9 del centro de Xalapa, se\u00f1al\u00f3 que se debe de garantizar la seguridad de las mujeres que participan en el actual proceso electoral y buscan un cargo en este 2021 ya que los ataques a estas personas se han incrementado.<\/p>\n\n\n\n<p>Dio a conocer que las amenazas y asesinatos que se han registrado en el estado, como en el caso de la precandidata de Morena a la alcald\u00eda de Cosoleacaque, Carla Enr\u00edquez Merl\u00edn y su madre Gladys Marl\u00edn, dijo que es lamentable que existan estos casos.<\/p>\n\n\n\n<p>\u201cSer\u00e1 fundamental el papel del INE y de otras instituciones como la propia Secretar\u00eda de Seguridad P\u00fablica y que el Gobierno del estado tendr\u00e1 que evaluar con otros actores est\u00e1 involucrada esta violencia\u201d, se\u00f1al\u00f3.<\/p>\n\n\n\n<p>Consider\u00f3 que las elecciones de este a\u00f1o est\u00e1n marcadas por un contexto generalizado de violencia no solo contra las mujeres, pero s\u00ed m\u00e1s recrudecido contra este sector de la poblaci\u00f3n,\u00a0\u201cno solo tiene que ver con la violencia pol\u00edtica, sino con otro tipo de violencia que se refleja en quienes est\u00e1n compitiendo por puestos de elecci\u00f3n popular\u201d.<\/p>\n\n\n\n<p>Solicit\u00f3 adem\u00e1s que, las instancias de seguridad y procuraci\u00f3n de justicia garanticen una investigaci\u00f3n adecuada y una sanci\u00f3n ejemplar para quienes cometen este tipo de actos, especialmente para los casos que ya han ocurrido.<\/p>\n\n\n\n<p>Finalmente dio a conocer que desde la sociedad civil existe una exigencia de que haya respeto hacia la participaci\u00f3n de las mujeres en la vida electoral, no solo en cuanto a sus derechos pol\u00edticos sino de su propia vida.<\/p>\n","protected":false},"excerpt":{"rendered":"<p>Dar\u00edo Pale Xalapa, Ver.- La coordinadora de la organizaci\u00f3n Equifon\u00eda Araceli Gonz\u00e1lez Saavedra, se\u00f1al\u00f3 que es urgente que tanto el Gobierno de Veracruz, encabezado por Cuitl\u00e1huac Garc\u00eda Jim\u00e9nez, as\u00ed como los \u00f3rganos locales, reconozcan que existe una problem\u00e1tica en cuanto a la seguridad de los aspirantes a un cargo de elecci\u00f3n popular. Entrevistada en conocido [&hellip;]<\/p>\n","protected":false},"author":1,"featured_media":11756,"comment_status":"open","ping_status":"open","sticky":false,"template":"","format":"standard","meta":{"_jetpack_memberships_contains_paid_content":false,"footnotes":""},"categories":[2],"tags":[],"class_list":["post-11755","post","type-post","status-publish","format-standard","has-post-thumbnail","hentry","category-estado"],"jetpack_featured_media_url":"https:\/\/encuentroinformativo.com.mx\/wp-content\/uploads\/2021\/03\/A9228E91-241A-4B2E-8401-C1F7006301ED.jpeg","jetpack_sharing_enabled":true,"jetpack_likes_enabled":true,"amp_enabled":true,"_links":{"self":[{"href":"https:\/\/encuentroinformativo.com.mx\/index.php?rest_route=\/wp\/v2\/posts\/11755","targetHints":{"allow":["GET"]}}],"collection":[{"href":"https:\/\/encuentroinformativo.com.mx\/index.php?rest_route=\/wp\/v2\/posts"}],"about":[{"href":"https:\/\/encuentroinformativo.com.mx\/index.php?rest_route=\/wp\/v2\/types\/post"}],"author":[{"embeddable":true,"href":"https:\/\/encuentroinformativo.com.mx\/index.php?rest_route=\/wp\/v2\/users\/1"}],"replies":[{"embeddable":true,"href":"https:\/\/encuentroinformativo.com.mx\/index.php?rest_route=%2Fwp%2Fv2%2Fcomments&post=11755"}],"version-history":[{"count":1,"href":"https:\/\/encuentroinformativo.com.mx\/index.php?rest_route=\/wp\/v2\/posts\/11755\/revisions"}],"predecessor-version":[{"id":11757,"href":"https:\/\/encuentroinformativo.com.mx\/index.php?rest_route=\/wp\/v2\/posts\/11755\/revisions\/11757"}],"wp:featuredmedia":[{"embeddable":true,"href":"https:\/\/encuentroinformativo.com.mx\/index.php?rest_route=\/wp\/v2\/media\/11756"}],"wp:attachment":[{"href":"https:\/\/encuentroinformativo.com.mx\/index.php?rest_route=%2Fwp%2Fv2%2Fmedia&parent=11755"}],"wp:term":[{"taxonomy":"category","embeddable":true,"href":"https:\/\/encuentroinformativo.com.mx\/index.php?rest_route=%2Fwp%2Fv2%2Fcategories&post=11755"},{"taxonomy":"post_tag","embeddable":true,"href":"https:\/\/encuentroinformativo.com.mx\/index.php?rest_route=%2Fwp%2Fv2%2Ftags&post=11755"}],"curies":[{"name":"wp","href":"https:\/\/api.w.org\/{rel}","templated":true}]}}