{"id":11758,"date":"2021-03-06T16:01:29","date_gmt":"2021-03-06T22:01:29","guid":{"rendered":"https:\/\/encuentroinformativo.com.mx\/?p=11758"},"modified":"2021-03-06T16:01:31","modified_gmt":"2021-03-06T22:01:31","slug":"locatarios-de-la-rotonda-inconformes-con-reubicacion","status":"publish","type":"post","link":"https:\/\/encuentroinformativo.com.mx\/?p=11758","title":{"rendered":"Locatarios de La Rotonda inconformes con reubicaci\u00f3n"},"content":{"rendered":"\n<p><strong>Dar\u00edo Pale <\/strong><\/p>\n\n\n\n<p>Xalapa, Ver.- Omar Lim\u00f3n Mart\u00ednez, integrante del Comit\u00e9 del\u00a0mercado Adolfo Ru\u00edz Cortines, conocido como \u201cLa Rotonda\u201d, se\u00f1al\u00f3 que el anteproyecto los ubicar\u00eda al interior del mismo junto a puestos de comida les perjudicar\u00e1, por lo que los locatarios del exterior del mercado \u201cLa Rotonda\u201d temen p\u00e9rdidas econ\u00f3micas con la reconstrucci\u00f3n.<\/p>\n\n\n\n<p>Entrevistado en el interior del mercado dio a conocer que el\u00a0anteproyecto de reconstrucci\u00f3n contempla la reubicaci\u00f3n al interior del nuevo inmueble, de los locales de venta de pinturas, ferreter\u00eda, cerrajer\u00eda, carnicer\u00edas y poller\u00edas, por lo que los comerciantes no est\u00e1n de acuerdo, pues temen p\u00e9rdida de clientes y por ende, econ\u00f3micas.<\/p>\n\n\n\n<p>Luego de que el Ayuntamiento de Xalapa les present\u00f3 el anteproyecto de la Secretar\u00eda de Desarrollo Territorial y Urbano (SEDATU), manifestaron esta y otras inconformidades,\u00a0\u201cse transform\u00f3 el mercado para que qued\u00e1ramos afuera y nuestros clientes necesitan un tiempo muy corto para llegar a hacer una compra, comprar una pintura, hacer un duplicado de llaves. Los comensales traen un tiempo muy largo para estar y los de dentro necesitan un tiempo muy corto&#8221;.<\/p>\n\n\n\n<p>&#8220;No vienen pensando en perder una hora en comprar un bote de pintura, pero s\u00ed una hora en comer, entonces ah\u00ed s\u00ed estamos teniendo algunos problemas, como nos est\u00e1n reubicando a todos adentro, podemos perder clientela, por lo mismo de que el cliente diga que no tiene tanto tiempo para meterse al mercado\u201d, agreg\u00f3.<\/p>\n\n\n\n<p>En el exterior se ubican alrededor de 40 locales, de los cuales 10 permanecen abiertos y ofrecen estos productos y servicios, en\u00a0dicha \u00e1rea se reubicar\u00eda la terminal de los autobuses que dan servicio de transporte urbano a municipios de la regi\u00f3n de Coatepec.<\/p>\n\n\n\n<p>\u201cLa log\u00edstica del mercado cambiar\u00eda totalmente, esta \u00e1rea estar\u00eda contemplada para el acceso de este lado. Los camiones tendr\u00edan el and\u00e9n en esta parte, las l\u00edneas unidas y entonces la idea que comentaba el compa\u00f1ero es que todos est\u00e9n dentro; sin embargo no ser\u00eda rentable para muchos negocios estar adentro sin accesos. Este proyecto maneja tambi\u00e9n tres entradas, una principal, subiendo por Revoluci\u00f3n y dos laterales, esas dos laterales ni siquiera est\u00e1n al centro del mercado, est\u00e1n como en la tercera parte del mercado y eso obligar\u00eda en que, si en alg\u00fan momento los mandaran hasta el fondo, hasta por cuestiones de Protecci\u00f3n Civil ser\u00eda complicado\u201d se\u00f1al\u00f3 Antonio.<\/p>\n\n\n\n<p>Adem\u00e1s reclamaron que en dicho anteproyecto se\u00a0 establecen parqu\u00edmetros en vez de un \u00e1rea de estacionamiento.\u00a0\u00a0De igual forma consideran que no es viable que todos los establecimientos de comida o las fondas al interior compartan un tanque de gas, pues se monopolizar\u00eda el servicio a una sola empresa.<\/p>\n\n\n\n<p>Finalmente cabe mencionar que hasta ahora los locatarios no han planteado dicha inconformidad de manera formal a las autoridades municipales y federales ni se define una fecha de demolici\u00f3n del actual mercado para iniciar su reconstrucci\u00f3n bajo esta propuesta, por lo que esperan que se replanteen los dise\u00f1os.<\/p>\n","protected":false},"excerpt":{"rendered":"<p>Dar\u00edo Pale Xalapa, Ver.- Omar Lim\u00f3n Mart\u00ednez, integrante del Comit\u00e9 del\u00a0mercado Adolfo Ru\u00edz Cortines, conocido como \u201cLa Rotonda\u201d, se\u00f1al\u00f3 que el anteproyecto los ubicar\u00eda al interior del mismo junto a puestos de comida les perjudicar\u00e1, por lo que los locatarios del exterior del mercado \u201cLa Rotonda\u201d temen p\u00e9rdidas econ\u00f3micas con la reconstrucci\u00f3n. Entrevistado en el [&hellip;]<\/p>\n","protected":false},"author":1,"featured_media":11759,"comment_status":"open","ping_status":"open","sticky":false,"template":"","format":"standard","meta":{"_jetpack_memberships_contains_paid_content":false,"footnotes":""},"categories":[3],"tags":[],"class_list":["post-11758","post","type-post","status-publish","format-standard","has-post-thumbnail","hentry","category-xalapa"],"jetpack_featured_media_url":"https:\/\/encuentroinformativo.com.mx\/wp-content\/uploads\/2021\/03\/E114FBA4-A271-4F6A-AB59-5195071973A6.jpeg","jetpack_sharing_enabled":true,"jetpack_likes_enabled":true,"amp_enabled":true,"_links":{"self":[{"href":"https:\/\/encuentroinformativo.com.mx\/index.php?rest_route=\/wp\/v2\/posts\/11758","targetHints":{"allow":["GET"]}}],"collection":[{"href":"https:\/\/encuentroinformativo.com.mx\/index.php?rest_route=\/wp\/v2\/posts"}],"about":[{"href":"https:\/\/encuentroinformativo.com.mx\/index.php?rest_route=\/wp\/v2\/types\/post"}],"author":[{"embeddable":true,"href":"https:\/\/encuentroinformativo.com.mx\/index.php?rest_route=\/wp\/v2\/users\/1"}],"replies":[{"embeddable":true,"href":"https:\/\/encuentroinformativo.com.mx\/index.php?rest_route=%2Fwp%2Fv2%2Fcomments&post=11758"}],"version-history":[{"count":1,"href":"https:\/\/encuentroinformativo.com.mx\/index.php?rest_route=\/wp\/v2\/posts\/11758\/revisions"}],"predecessor-version":[{"id":11760,"href":"https:\/\/encuentroinformativo.com.mx\/index.php?rest_route=\/wp\/v2\/posts\/11758\/revisions\/11760"}],"wp:featuredmedia":[{"embeddable":true,"href":"https:\/\/encuentroinformativo.com.mx\/index.php?rest_route=\/wp\/v2\/media\/11759"}],"wp:attachment":[{"href":"https:\/\/encuentroinformativo.com.mx\/index.php?rest_route=%2Fwp%2Fv2%2Fmedia&parent=11758"}],"wp:term":[{"taxonomy":"category","embeddable":true,"href":"https:\/\/encuentroinformativo.com.mx\/index.php?rest_route=%2Fwp%2Fv2%2Fcategories&post=11758"},{"taxonomy":"post_tag","embeddable":true,"href":"https:\/\/encuentroinformativo.com.mx\/index.php?rest_route=%2Fwp%2Fv2%2Ftags&post=11758"}],"curies":[{"name":"wp","href":"https:\/\/api.w.org\/{rel}","templated":true}]}}