{"id":11764,"date":"2021-03-07T15:06:42","date_gmt":"2021-03-07T21:06:42","guid":{"rendered":"https:\/\/encuentroinformativo.com.mx\/?p=11764"},"modified":"2021-03-07T15:06:46","modified_gmt":"2021-03-07T21:06:46","slug":"ponen-en-marcha-obras-carreteras-en-alto-lucero","status":"publish","type":"post","link":"https:\/\/encuentroinformativo.com.mx\/?p=11764","title":{"rendered":"Ponen en marcha obras carreteras en Alto Lucero"},"content":{"rendered":"\n<p><strong>Juan Arcos <\/strong><\/p>\n\n\n\n<p>Xalapa, Ver.- El gobernador de Veracruz, Cuitl\u00e1huac Garc\u00eda Jim\u00e9nez, inform\u00f3 que se concluy\u00f3 la construcci\u00f3n de la carretera Cerrillos de D\u00edaz-Jacales-El Madro\u00f1o en el municipio de Alto Lucero.<\/p>\n\n\n\n<p>El mandatario estatal recorri\u00f3 la zona, en compa\u00f1\u00eda de diputada federal por el Movimiento de Regeneraci\u00f3n Nacional (Morena), Claudia Tello Espinosa, y el titular de la Secretar\u00eda de Infraestructura y Obras P\u00fablicas (SIOP), Elio Hern\u00e1ndez Guti\u00e9rrez.<\/p>\n\n\n\n<p>En el lugar, enfatiz\u00f3 que se cumpli\u00f3 el compromiso de transformar la regi\u00f3n, para fortalecer las actividades productivas de las zonas rurales.<\/p>\n\n\n\n<p>\u201cEsta carretera sale hasta Madro\u00f1o, por Jacales, esta que ven ustedes aqu\u00ed la hicimos en tres etapas, fue un proceso largo pero ya est\u00e1 concluido a dos a\u00f1os\u201d, expres\u00f3 en un video trasmitido desde su cuenta oficial de <em>Facebook<\/em>.<\/p>\n\n\n\n<p>El titular del Poder Ejecutivo record\u00f3 que a inicios del a\u00f1o 2019 fue supervisado el primer tramo de aproximadamente 1.5 kil\u00f3metros, donde se comprometi\u00f3 a continuar y terminar la obra.<\/p>\n\n\n\n<p>\u201cNos comprometimos a continuar en tres etapas, dimos nuestra palabra y la estamos cumpliendo, no pudimos inaugurar\u201d, insisti\u00f3 Cuitl\u00e1huac Garc\u00eda.<\/p>\n\n\n\n<p>El Gobernador de Veracruz agradeci\u00f3 a las diputadas y diputados federales, quienes deciden los presupuestos en el Congreso de la Uni\u00f3n, para beneficiar a los veracruzanos, a trav\u00e9s de obras que permiten mejorar sus actividades productivas.<\/p>\n\n\n\n<p>\u201cPor eso la invit\u00e9 (a la legisladora Claudia Tello), ellos tienen un \u00f3rgano que supervisa todo el presupuesto, c\u00f3mo se va ejerciendo, la Auditor\u00eda Superior de la Federaci\u00f3n (ASF) es un \u00f3rgano que surge en el congreso federal y desde ah\u00ed se van haciendo observaciones.<\/p>\n\n\n\n<p>Bueno, para que, de primera vista, ella d\u00e9 testimonio de que estamos cumpliendo, que este gran trabajo que hacemos entre los ejecutivos, el Presidente de la Rep\u00fablica, un servidor y las diputadas, diputados, tienen frutos como \u00e9ste. Vamos a seguir transformado Veracruz y vamos a seguir contando con el apoyo de diputadas y diputados comprometidos\u201d, remat\u00f3.<\/p>\n","protected":false},"excerpt":{"rendered":"<p>Juan Arcos Xalapa, Ver.- El gobernador de Veracruz, Cuitl\u00e1huac Garc\u00eda Jim\u00e9nez, inform\u00f3 que se concluy\u00f3 la construcci\u00f3n de la carretera Cerrillos de D\u00edaz-Jacales-El Madro\u00f1o en el municipio de Alto Lucero. El mandatario estatal recorri\u00f3 la zona, en compa\u00f1\u00eda de diputada federal por el Movimiento de Regeneraci\u00f3n Nacional (Morena), Claudia Tello Espinosa, y el titular de [&hellip;]<\/p>\n","protected":false},"author":1,"featured_media":11765,"comment_status":"open","ping_status":"open","sticky":false,"template":"","format":"standard","meta":{"_jetpack_memberships_contains_paid_content":false,"footnotes":""},"categories":[8],"tags":[],"class_list":["post-11764","post","type-post","status-publish","format-standard","has-post-thumbnail","hentry","category-region"],"jetpack_featured_media_url":"https:\/\/encuentroinformativo.com.mx\/wp-content\/uploads\/2021\/03\/370AA0EF-83EE-4DAA-889A-421E84758BE5.jpeg","jetpack_sharing_enabled":true,"jetpack_likes_enabled":true,"amp_enabled":true,"_links":{"self":[{"href":"https:\/\/encuentroinformativo.com.mx\/index.php?rest_route=\/wp\/v2\/posts\/11764","targetHints":{"allow":["GET"]}}],"collection":[{"href":"https:\/\/encuentroinformativo.com.mx\/index.php?rest_route=\/wp\/v2\/posts"}],"about":[{"href":"https:\/\/encuentroinformativo.com.mx\/index.php?rest_route=\/wp\/v2\/types\/post"}],"author":[{"embeddable":true,"href":"https:\/\/encuentroinformativo.com.mx\/index.php?rest_route=\/wp\/v2\/users\/1"}],"replies":[{"embeddable":true,"href":"https:\/\/encuentroinformativo.com.mx\/index.php?rest_route=%2Fwp%2Fv2%2Fcomments&post=11764"}],"version-history":[{"count":1,"href":"https:\/\/encuentroinformativo.com.mx\/index.php?rest_route=\/wp\/v2\/posts\/11764\/revisions"}],"predecessor-version":[{"id":11766,"href":"https:\/\/encuentroinformativo.com.mx\/index.php?rest_route=\/wp\/v2\/posts\/11764\/revisions\/11766"}],"wp:featuredmedia":[{"embeddable":true,"href":"https:\/\/encuentroinformativo.com.mx\/index.php?rest_route=\/wp\/v2\/media\/11765"}],"wp:attachment":[{"href":"https:\/\/encuentroinformativo.com.mx\/index.php?rest_route=%2Fwp%2Fv2%2Fmedia&parent=11764"}],"wp:term":[{"taxonomy":"category","embeddable":true,"href":"https:\/\/encuentroinformativo.com.mx\/index.php?rest_route=%2Fwp%2Fv2%2Fcategories&post=11764"},{"taxonomy":"post_tag","embeddable":true,"href":"https:\/\/encuentroinformativo.com.mx\/index.php?rest_route=%2Fwp%2Fv2%2Ftags&post=11764"}],"curies":[{"name":"wp","href":"https:\/\/api.w.org\/{rel}","templated":true}]}}