{"id":11767,"date":"2021-03-07T15:44:26","date_gmt":"2021-03-07T21:44:26","guid":{"rendered":"https:\/\/encuentroinformativo.com.mx\/?p=11767"},"modified":"2021-03-07T15:44:47","modified_gmt":"2021-03-07T21:44:47","slug":"registran-robos-en-10-planteles-escolares-de-la-zona-sur","status":"publish","type":"post","link":"https:\/\/encuentroinformativo.com.mx\/?p=11767","title":{"rendered":"Registran robos en 10 planteles escolares de la zona sur"},"content":{"rendered":"\n<p><strong>Juan Arcos <\/strong><\/p>\n\n\n\n<p>Xalapa, Ver.- Diez escuelas de la zona centro y sur de Veracruz han registrado robos, ante la ausencia en los planteles por la pandemia del SARS-COV-2 (COVID-19).<\/p>\n\n\n\n<p>As\u00ed lo revel\u00f3 Daniel Hern\u00e1ndez del \u00c1ngel, secretario general del Movimiento Magisterial Popular Veracruzano (MMPV) y de la Coordinadora Nacional de Trabajadores de la Educaci\u00f3n (CNTE).<\/p>\n\n\n\n<p>\u201cNosotros tenemos compa\u00f1eros en todo el estado, no se ha presentado un \u00edndice muy grande de robos, nosotros tenemos reportadas alrededor de diez escuelas, entre la zona centro y la zona sur del estado, que s\u00ed han tenido algunos robos\u201d, a\u00f1adi\u00f3.<\/p>\n\n\n\n<p>El entrevistado indic\u00f3 que los docentes del MMPV-CNTE se han organizado con madres y padres de familia para reforzar la vigilancia en las escuelas y evitar que los salones de clases sean saqueados.<\/p>\n\n\n\n<p>\u201cNuestros compa\u00f1eros se han organizado con los padres de familia para que est\u00e9n haciendo ese resguardo en los lugares y no se presente ninguna anomal\u00eda\u201d.<\/p>\n\n\n\n<p>El l\u00edder magisterial refiri\u00f3 que se ha solicitado a las autoridades educativas locales y federales que sean garantizadas las condiciones de infraestructura, ante el posible regreso a clases presenciales en pr\u00f3ximos meses.<\/p>\n\n\n\n<p>\u201cPorque va a ser inminente el regreso a clases, tal vez no en unos cuantos meses, pero va a ser necesario que regresemos a clases y cuando regresemos tenemos que encontrar a las escuelas en \u00f3ptimas condiciones de infraestructura y condiciones de sanidad para los alumnos\u201d.<\/p>\n\n\n\n<p>Sin embargo, Hern\u00e1ndez del \u00c1ngel consider\u00f3 que las escuelas no se encuentran en condiciones id\u00f3neas, toda vez que, hasta el momento, no existe un programa y un presupuesto destinados a dicha situaci\u00f3n.\u00a0<br>Cabe recordar que, a mediados de enero pasado, el titular de la Secretar\u00eda de Educaci\u00f3n de Veracruz (SEV), Zenyazen Escobar Garc\u00eda, revel\u00f3 que 40 escuelas hab\u00edan sido robadas en el estado de Veracruz, durante la pandemia del coronavirus.<\/p>\n\n\n\n<p>Se trataba s\u00f3lo del 0.16 por ciento de los 24 mil planteles educativos que hay en la entidad veracruzana, cuyos atracos ocurrieron, desde marzo del a\u00f1o pasado, a ra\u00edz de la suspensi\u00f3n de clases presenciales.<\/p>\n","protected":false},"excerpt":{"rendered":"<p>Juan Arcos Xalapa, Ver.- Diez escuelas de la zona centro y sur de Veracruz han registrado robos, ante la ausencia en los planteles por la pandemia del SARS-COV-2 (COVID-19). As\u00ed lo revel\u00f3 Daniel Hern\u00e1ndez del \u00c1ngel, secretario general del Movimiento Magisterial Popular Veracruzano (MMPV) y de la Coordinadora Nacional de Trabajadores de la Educaci\u00f3n (CNTE). [&hellip;]<\/p>\n","protected":false},"author":1,"featured_media":11768,"comment_status":"open","ping_status":"open","sticky":false,"template":"","format":"standard","meta":{"_jetpack_memberships_contains_paid_content":false,"footnotes":""},"categories":[2],"tags":[],"class_list":["post-11767","post","type-post","status-publish","format-standard","has-post-thumbnail","hentry","category-estado"],"jetpack_featured_media_url":"https:\/\/encuentroinformativo.com.mx\/wp-content\/uploads\/2021\/03\/F63675B4-F780-4048-9D5F-30292AD2C4D8.jpeg","jetpack_sharing_enabled":true,"jetpack_likes_enabled":true,"amp_enabled":true,"_links":{"self":[{"href":"https:\/\/encuentroinformativo.com.mx\/index.php?rest_route=\/wp\/v2\/posts\/11767","targetHints":{"allow":["GET"]}}],"collection":[{"href":"https:\/\/encuentroinformativo.com.mx\/index.php?rest_route=\/wp\/v2\/posts"}],"about":[{"href":"https:\/\/encuentroinformativo.com.mx\/index.php?rest_route=\/wp\/v2\/types\/post"}],"author":[{"embeddable":true,"href":"https:\/\/encuentroinformativo.com.mx\/index.php?rest_route=\/wp\/v2\/users\/1"}],"replies":[{"embeddable":true,"href":"https:\/\/encuentroinformativo.com.mx\/index.php?rest_route=%2Fwp%2Fv2%2Fcomments&post=11767"}],"version-history":[{"count":1,"href":"https:\/\/encuentroinformativo.com.mx\/index.php?rest_route=\/wp\/v2\/posts\/11767\/revisions"}],"predecessor-version":[{"id":11769,"href":"https:\/\/encuentroinformativo.com.mx\/index.php?rest_route=\/wp\/v2\/posts\/11767\/revisions\/11769"}],"wp:featuredmedia":[{"embeddable":true,"href":"https:\/\/encuentroinformativo.com.mx\/index.php?rest_route=\/wp\/v2\/media\/11768"}],"wp:attachment":[{"href":"https:\/\/encuentroinformativo.com.mx\/index.php?rest_route=%2Fwp%2Fv2%2Fmedia&parent=11767"}],"wp:term":[{"taxonomy":"category","embeddable":true,"href":"https:\/\/encuentroinformativo.com.mx\/index.php?rest_route=%2Fwp%2Fv2%2Fcategories&post=11767"},{"taxonomy":"post_tag","embeddable":true,"href":"https:\/\/encuentroinformativo.com.mx\/index.php?rest_route=%2Fwp%2Fv2%2Ftags&post=11767"}],"curies":[{"name":"wp","href":"https:\/\/api.w.org\/{rel}","templated":true}]}}