{"id":11770,"date":"2021-03-07T18:38:01","date_gmt":"2021-03-08T00:38:01","guid":{"rendered":"https:\/\/encuentroinformativo.com.mx\/?p=11770"},"modified":"2021-03-07T18:38:03","modified_gmt":"2021-03-08T00:38:03","slug":"mujeres-reclaman-ejercer-sus-derechos-politicos","status":"publish","type":"post","link":"https:\/\/encuentroinformativo.com.mx\/?p=11770","title":{"rendered":"Mujeres reclaman ejercer sus derechos pol\u00edticos"},"content":{"rendered":"\n<p><strong>Juan Arcos <\/strong><\/p>\n\n\n\n<p>Xalapa, Ver.- Un grupo de mujeres protest\u00f3 frente a Palacio de Gobierno, en la ciudad de Xalapa para defender sus derechos pol\u00edticos y electorales en el estado de Veracruz y en toda la Rep\u00fablica Mexicana.<\/p>\n\n\n\n<p>Se trata de integrantes del colectivo 50+1, quienes alzaron la voz para que las mujeres tengan oportunidad de ocupar cargos de elecci\u00f3n popular, sobre todo en el actual proceso electoral 2020-2021.<\/p>\n\n\n\n<p>De acuerdo con la presidenta de la organizaci\u00f3n, Maribel Ram\u00edrez Topete, el colectivo est\u00e1 integrado por mujeres del Partido Acci\u00f3n Nacional (PAN), Partido Revolucionario Institucional (PRI), Partido de la Revoluci\u00f3n Democr\u00e1tica (PRD) y Movimiento Ciudadano (MC) que est\u00e1n a favor de la defensa de los derechos electorales para este sector de la poblaci\u00f3n.<\/p>\n\n\n\n<p>\u201cMuchas de las mujeres que participan en el colectivo son aspirantes a un cargo. Las mujeres queremos llegar a esos espacios de decisi\u00f3n para tomar las decisiones por nuestra cuenta, queremos no paridad num\u00e9rica, s\u00ed paridad en igualdad sustantiva\u201d.<\/p>\n\n\n\n<p>Adem\u00e1s, consider\u00f3 que es necesario visibilizar y hacer que las mujeres defiendan los derechos que ya son reconocidos en la actualidad.<\/p>\n\n\n\n<p>\u201cEsto es participando y alzando la voz, porque hoy el cubrebocas no va a callar nuestra voz. Se debe seguir trabajando, todas las mujeres debemos unirnos\u201d, enfatiz\u00f3 sobre Plaza Sebasti\u00e1n Lerdo de Tejada, tambi\u00e9n conocida como Plaza Regina Mart\u00ednez.<\/p>\n\n\n\n<p>Ram\u00edrez Topete refiri\u00f3 que el list\u00f3n morado representa que las mujeres est\u00e1n unidas para hacer valer sus derechos y su progresividad de derechos pol\u00edticos y ciudadanos.<\/p>\n\n\n\n<p>\u201cEs un derecho, un derecho que recientemente las mujeres hemos adquirido, tenemos pr\u00e1cticamente 74 a\u00f1os de que hemos adquirido el derecho a voto y ser elegidas\u201d.<\/p>\n\n\n\n<p>La militante de Movimiento Ciudadano indic\u00f3 que las mujeres deben darse confianza entre ellas, saber que no est\u00e1n solas y que si tocan a una, tocan a todas.<\/p>\n\n\n\n<p>Adem\u00e1s, mencion\u00f3 que el colectivo 50+1 participar\u00e1 en las movilizaciones durante el D\u00eda Internacional de la Mujer, este 8 de marzo, en Xalapa, la capital del estado de Veracruz.<\/p>\n","protected":false},"excerpt":{"rendered":"<p>Juan Arcos Xalapa, Ver.- Un grupo de mujeres protest\u00f3 frente a Palacio de Gobierno, en la ciudad de Xalapa para defender sus derechos pol\u00edticos y electorales en el estado de Veracruz y en toda la Rep\u00fablica Mexicana. Se trata de integrantes del colectivo 50+1, quienes alzaron la voz para que las mujeres tengan oportunidad de [&hellip;]<\/p>\n","protected":false},"author":1,"featured_media":11771,"comment_status":"open","ping_status":"open","sticky":false,"template":"","format":"standard","meta":{"_jetpack_memberships_contains_paid_content":false,"footnotes":""},"categories":[3],"tags":[],"class_list":["post-11770","post","type-post","status-publish","format-standard","has-post-thumbnail","hentry","category-xalapa"],"jetpack_featured_media_url":"https:\/\/encuentroinformativo.com.mx\/wp-content\/uploads\/2021\/03\/A8D056A8-1AFC-4BE6-9ACD-B306F44EDE91.jpeg","jetpack_sharing_enabled":true,"jetpack_likes_enabled":true,"amp_enabled":true,"_links":{"self":[{"href":"https:\/\/encuentroinformativo.com.mx\/index.php?rest_route=\/wp\/v2\/posts\/11770","targetHints":{"allow":["GET"]}}],"collection":[{"href":"https:\/\/encuentroinformativo.com.mx\/index.php?rest_route=\/wp\/v2\/posts"}],"about":[{"href":"https:\/\/encuentroinformativo.com.mx\/index.php?rest_route=\/wp\/v2\/types\/post"}],"author":[{"embeddable":true,"href":"https:\/\/encuentroinformativo.com.mx\/index.php?rest_route=\/wp\/v2\/users\/1"}],"replies":[{"embeddable":true,"href":"https:\/\/encuentroinformativo.com.mx\/index.php?rest_route=%2Fwp%2Fv2%2Fcomments&post=11770"}],"version-history":[{"count":1,"href":"https:\/\/encuentroinformativo.com.mx\/index.php?rest_route=\/wp\/v2\/posts\/11770\/revisions"}],"predecessor-version":[{"id":11772,"href":"https:\/\/encuentroinformativo.com.mx\/index.php?rest_route=\/wp\/v2\/posts\/11770\/revisions\/11772"}],"wp:featuredmedia":[{"embeddable":true,"href":"https:\/\/encuentroinformativo.com.mx\/index.php?rest_route=\/wp\/v2\/media\/11771"}],"wp:attachment":[{"href":"https:\/\/encuentroinformativo.com.mx\/index.php?rest_route=%2Fwp%2Fv2%2Fmedia&parent=11770"}],"wp:term":[{"taxonomy":"category","embeddable":true,"href":"https:\/\/encuentroinformativo.com.mx\/index.php?rest_route=%2Fwp%2Fv2%2Fcategories&post=11770"},{"taxonomy":"post_tag","embeddable":true,"href":"https:\/\/encuentroinformativo.com.mx\/index.php?rest_route=%2Fwp%2Fv2%2Ftags&post=11770"}],"curies":[{"name":"wp","href":"https:\/\/api.w.org\/{rel}","templated":true}]}}