{"id":11775,"date":"2021-03-08T10:15:22","date_gmt":"2021-03-08T16:15:22","guid":{"rendered":"https:\/\/encuentroinformativo.com.mx\/?p=11775"},"modified":"2021-03-08T10:15:29","modified_gmt":"2021-03-08T16:15:29","slug":"el-8-no-se-celebra","status":"publish","type":"post","link":"https:\/\/encuentroinformativo.com.mx\/?p=11775","title":{"rendered":"El 8 NO se celebra\u2026"},"content":{"rendered":"\n<p><strong>N\u00fameros Rojos<\/strong><\/p>\n\n\n\n<p><strong>Brenda Caballero<\/strong><\/p>\n\n\n\n<p>\u201cLas mujeres son la mitad de la poblaci\u00f3n y madres de la otra mitad\u201d<\/p>\n\n\n\n<p>Cada 8 de marzo amanezco con mensajes de felicitaci\u00f3n\u2026 por ser mujer. Algunos m\u00e1s hasta me mandan el video de Vicente Fern\u00e1ndez y sus Mujeres Divinas. Im\u00e1genes de rosas, chocolates, poemas no pueden faltar, acompa\u00f1ado de alg\u00fan mensaje rom\u00e1ntico alusivo al d\u00eda. Aclaro que no es exclusivo de hombres, tambi\u00e9n de mujeres que reproducen ese rol que muchas veces es reforzado por la mercadotecnia comercial. \u00a1Reg\u00e1late algo por ser d\u00eda de la Mujer! \u00a1Te lo mereces por ser Mujer! \u00a1Foto pa\u2019l face, porque es d\u00eda Internacional de la Mujer!<\/p>\n\n\n\n<p>A los mensajes, contesto que el 8 no es un d\u00eda para celebrar sino para conmemorar. Seguramente hasta me tachan de \u201camargosa y desagradecida&#8230; la felicito \u00a1Y mira lo que me contesta!&#8221;<\/p>\n\n\n\n<p>Poco se entiende la lucha de las mujeres por el reconocimiento de sus derechos, as\u00ed como el verdadero origen del d\u00eda, pues \u00e9ste surge a ra\u00edz de una tragedia de costureras que murieron calcinadas en una f\u00e1brica de Nueva York donde trabajaban hacinadas, pues la puerta estaba atrancada ante el supuesto de que ellas fueran a robar a su patr\u00f3n. Al mismo tiempo, mujeres se manifestaban en exigencia de sus derechos laborales, pues trabajaban jornadas de 15 a 18 horas en las f\u00e1bricas por un salario muy inferior a lo proporcionalmente trabajado.<\/p>\n\n\n\n<p>\u00bfPor qu\u00e9 nos felicitan? Si ser mujer siempre ha sido desigual a trav\u00e9s de la historia. Desde la antig\u00fcedad, Arist\u00f3teles consideraba a la mujer como un ser humano incompleto, de menor capacidad que el hombre, contrario a lo que Plat\u00f3n propon\u00eda para que la sociedad fuera mejor, que era necesario que todos sus miembros participaran. Pero la visi\u00f3n Aristot\u00e9lica prevaleci\u00f3 siempre&#8230; las mujeres no ten\u00edan derecho a votar, a pesar de ser mayor\u00eda en la poblaci\u00f3n; mucho menos de hacer leyes, eso era imposible, impensable.<\/p>\n\n\n\n<p>Incluso en las leyes no aparec\u00edan las mujeres, mucho menos para poder ser votadas. Ah, pero s\u00ed, aunque las mujeres no tuvieran los mismos derechos, ten\u00edan las mismas obligaciones.A trav\u00e9s del tiempo, las mujeres al ver sus derechos limitados, en la educaci\u00f3n, en trabajo, en salarios, \u00a0en la pol\u00edtica, en la justicia, en la salud, empezaron a inconformarse, a alzar la voz, a manifestarse y a exigir lo que les corresponde. Poco a poco se ha ido logrando una equidad de g\u00e9nero; sin embargo, falta mucho, mucho camino por recorrer.En M\u00e9xico, estos \u00faltimos a\u00f1os han sido muy dif\u00edciles. La violencia contra las mujeres se ha incrementado; con la pandemia del Covid, la situaci\u00f3n empeor\u00f3. Las cifras son alarmantes: 11 mujeres mueren a diario, son asesinadas porque simplemente no pasa nada. Los feminicidas saben que pueden hacerlo porque hay impunidad.Entonces \u00bfhay algo que celebrar hoy? \u00bfSe debe felicitar a las mujeres?\u00a0Basta ver a lo que hemos llegado hoy: A un muro frente a Palacio Nacional para resguardar un edificio en lugar de resguardar y proteger a las 11 mujeres diariamente asesinadas; a otras m\u00e1s desparecidas; a muchas m\u00e1s que sufren trata de personas; muchas m\u00e1s violentadas.Falta sensibilidad desde las mismas instituciones para atender sus denuncias, sus quejas, sus necesidades. Se ha desprotegido, vulnerado y hasta revictimizado a la mujer.<\/p>\n\n\n\n<p>Aunque se hable de Paridad \u00a1\u00e9sta es simulada! Mejores condiciones para las mujeres, \u00a1son falacias!. Nuestros derechos son invisibilizados, vulnerados, violentados, desde el mismo instante en que una mujer alza la voz para pedir justicia por ser violada y al violador se le permite una candidatura a la gubernatura; desde el instante en que no te dan licencia sin goce de sueldo en tu trabajo, para ir por una candidatura; o que no te permiten trabajar por tus capacidades alegando que no eres del equipo o del mismo proyecto. \u00bfHay algo que celebrar?\u00a0Para todas y todos aquellos que se quejan de las manifestaciones de las mujeres en este d\u00eda, d\u00e9jeme citarle el argumento de no haber incluido a la mujer en la redacci\u00f3n de la Constituci\u00f3n de 1917: \u201cnos encontramos con que, al discutirse la petici\u00f3n, se decidi\u00f3 \u2013sin mucha discusi\u00f3n\u2013 negar a las mujeres los derechos pol\u00edticos argumentando: [\u2026] en el estado en que se encuentra nuestra sociedad [\u2026] las mujeres no sienten la necesidad de participar en los asuntos p\u00fablicos, como lo demuestra la falta de todo movimiento colectivo\u201d.<\/p>\n\n\n\n<p>NALDY RODR\u00cdGUEZ: Granito de arenaLuchar por los derechos de hombres y mujeres es fundamental en nuestros tiempos para lograr la anhelada equidad de g\u00e9nero. Por tal motivo, el Colegio Nacional de Abogados Penalistas, Asociaci\u00f3n Civil, en el marco del D\u00eda Internacional de la Mujer, reconoci\u00f3 a 5 mujeres emblem\u00e1ticas mexicanas, entre ellas a Naldy Patricia Rodr\u00edguez Lagunes, titular del Instituto Veracruzano de Acceso a la Informaci\u00f3n (IVAI), quien en su discurso resalt\u00f3 que desde su espacio busca poner su granito de arena para contribuir a la inclusi\u00f3n y \u00a0promoci\u00f3n del ejercicio de derechos fundamentales, entre ellos el derecho a la informaci\u00f3n, pues considera que ayudar a contribuir al desarrollo de la sociedad en equidad y a su vez al combate pleno \u00a0de la marginaci\u00f3n, es establecer \u00a0acciones \u00a0transversales que conduzcan a lograr la igualdad sustantiva.<\/p>\n\n\n\n<p>TAVA ANDA revolucionando mujeresUna de las pol\u00edticas que he visto muy comprometida con su g\u00e9nero es a Octavia Ortega Arteaga all\u00e1 en el norte del estado, el Distrito I. Tava anda revolucionando mujeres y se le ve constantemente en reuniones, buscando emprender con mujeres para contribuir en el empoderamiento de \u00e9stas en su distrito.Esperamos que el partido en el que milita, el Verde Ecologista, no invisibilice su trabajo ni el de las mujeres que le acompa\u00f1an, pues es necesario e indispensable que se haga valer el derecho de todas ellas.<br><br>@NumerosRojos_BC<\/p>\n\n\n\n<p><a rel=\"noreferrer noopener\" href=\"mailto:caballero_brenda@hotmail.com\" target=\"_blank\">caballero_brenda@hotmail.com<\/a><\/p>\n","protected":false},"excerpt":{"rendered":"<p>N\u00fameros Rojos Brenda Caballero \u201cLas mujeres son la mitad de la poblaci\u00f3n y madres de la otra mitad\u201d Cada 8 de marzo amanezco con mensajes de felicitaci\u00f3n\u2026 por ser mujer. Algunos m\u00e1s hasta me mandan el video de Vicente Fern\u00e1ndez y sus Mujeres Divinas. Im\u00e1genes de rosas, chocolates, poemas no pueden faltar, acompa\u00f1ado de alg\u00fan [&hellip;]<\/p>\n","protected":false},"author":1,"featured_media":70,"comment_status":"open","ping_status":"open","sticky":false,"template":"","format":"standard","meta":{"_jetpack_memberships_contains_paid_content":false,"footnotes":""},"categories":[11],"tags":[],"class_list":["post-11775","post","type-post","status-publish","format-standard","has-post-thumbnail","hentry","category-opinion"],"jetpack_featured_media_url":"https:\/\/encuentroinformativo.com.mx\/wp-content\/uploads\/2020\/02\/opinion-invitado.jpg","jetpack_sharing_enabled":true,"jetpack_likes_enabled":true,"amp_enabled":true,"_links":{"self":[{"href":"https:\/\/encuentroinformativo.com.mx\/index.php?rest_route=\/wp\/v2\/posts\/11775","targetHints":{"allow":["GET"]}}],"collection":[{"href":"https:\/\/encuentroinformativo.com.mx\/index.php?rest_route=\/wp\/v2\/posts"}],"about":[{"href":"https:\/\/encuentroinformativo.com.mx\/index.php?rest_route=\/wp\/v2\/types\/post"}],"author":[{"embeddable":true,"href":"https:\/\/encuentroinformativo.com.mx\/index.php?rest_route=\/wp\/v2\/users\/1"}],"replies":[{"embeddable":true,"href":"https:\/\/encuentroinformativo.com.mx\/index.php?rest_route=%2Fwp%2Fv2%2Fcomments&post=11775"}],"version-history":[{"count":1,"href":"https:\/\/encuentroinformativo.com.mx\/index.php?rest_route=\/wp\/v2\/posts\/11775\/revisions"}],"predecessor-version":[{"id":11776,"href":"https:\/\/encuentroinformativo.com.mx\/index.php?rest_route=\/wp\/v2\/posts\/11775\/revisions\/11776"}],"wp:featuredmedia":[{"embeddable":true,"href":"https:\/\/encuentroinformativo.com.mx\/index.php?rest_route=\/wp\/v2\/media\/70"}],"wp:attachment":[{"href":"https:\/\/encuentroinformativo.com.mx\/index.php?rest_route=%2Fwp%2Fv2%2Fmedia&parent=11775"}],"wp:term":[{"taxonomy":"category","embeddable":true,"href":"https:\/\/encuentroinformativo.com.mx\/index.php?rest_route=%2Fwp%2Fv2%2Fcategories&post=11775"},{"taxonomy":"post_tag","embeddable":true,"href":"https:\/\/encuentroinformativo.com.mx\/index.php?rest_route=%2Fwp%2Fv2%2Ftags&post=11775"}],"curies":[{"name":"wp","href":"https:\/\/api.w.org\/{rel}","templated":true}]}}