{"id":1178,"date":"2020-03-23T11:40:24","date_gmt":"2020-03-23T17:40:24","guid":{"rendered":"https:\/\/encuentroinformativo.com\/?p=1178"},"modified":"2020-03-23T11:40:26","modified_gmt":"2020-03-23T17:40:26","slug":"una-mujer-al-ivai","status":"publish","type":"post","link":"https:\/\/encuentroinformativo.com.mx\/?p=1178","title":{"rendered":"Una mujer al IVAI"},"content":{"rendered":"\n<p><strong>N\u00fameros Rojos<\/strong><\/p>\n\n\n\n<p><strong>Brenda Caballero<\/strong><\/p>\n\n\n\n<p>\u00bfCu\u00e1l es la importancia de la autonom\u00eda del IVAI como \u00f3rgano garante en Veracruz? Fue la pregunta de la diputada Mar\u00eda Graciela Hern\u00e1ndez I\u00f1iguez, integrante de la Comisi\u00f3n Permanente de Transparencia, Acceso a la Informaci\u00f3n y Parlamento Abierto de la LXV Legislatura del Congreso del Estado, a Liliana L\u00f3pez Coronado, aspirante a comisionada del IVAI y a quien ubican en el ojo del hurac\u00e1n por ser la esposa del actual titular de la Secretar\u00eda de Educaci\u00f3n de Veracruz, Zenyazen Escobar Garc\u00eda.<\/p>\n\n\n\n<p>\u00bfNepotismo?\u00bfConflicto de Intereses? \u00bfFavoritismo de los diputados por ser la actual titular de la Unidad de Transparencia en el Congreso? \u00bfFavoritismo del gobernador por la amistad con su Secretario de Educaci\u00f3n?<\/p>\n\n\n\n<p>No defiendo a Liliana L\u00f3pez Coronado, pero coincido con ella en que no se le considere como \u201cla esposa de\u201d, ya que en carne propia puedo decir que es terrible que te pongan adjetivos y que te cuelguen del hombre con el que te casaste; Liliana tiene todo el derecho de participar en la convocatoria para suceder a Yolli Garc\u00eda \u00c1lvarez, actual comisionada del Instituto Veracruzano de Acceso a la Informaci\u00f3n y Datos Personales (IVAI), quien deja el cargo en unos d\u00edas; sin embargo, al escuchar todas las entrevistas de los 22 aspirantes, entre ellos 16 mujeres y 6 hombres, existen otras y otros participantes con mayor experiencia en materia de transparencia para estar en esa terna que saldr\u00e1 el d\u00eda de hoy.<\/p>\n\n\n\n<p>No es por intrigar, pero la mayor\u00eda de las y los aspirantes llegaron solos; no as\u00ed Liliana L\u00f3pez Coronado, quien se hizo acompa\u00f1ar por tres empleados de la Legislatura y con el titular de Comunicaci\u00f3n Social del Congreso local, Aldo Valerio, \u00edntimo amigo de Zenyazen Escobar Garc\u00eda. Dijeran por all\u00ed: si no queremos crear conflicto de intereses o no queremos que nos vinculen, mejor sola que mal acompa\u00f1ada. \u00bfNo lo cree?<\/p>\n\n\n\n<p>Tampoco es por intrigar, pero ojal\u00e1 no sea cierto que Jorge Guillermo P\u00e9rez Alarc\u00f3n, actual aspirante y ex trabajador del OPLE, sea asesor del diputado Henri Christophe G\u00f3mez S\u00e1nchez, actual presidente de la Comisi\u00f3n que designar\u00e1 tal terna, porque entonces tambi\u00e9n pareciera que hablamos de un conflicto de intereses.<\/p>\n\n\n\n<p>En torno a las aspirantes hay datos interesantes, como que Beatriz M\u00e9ndez Basulto, quien era responsable del departamento de Planeaci\u00f3n del IVAI, fue despedida a la llegada de Yolli; misma suerte sufri\u00f3 la titular en ese entonces del departamento de capacitaci\u00f3n, Roc\u00edo Luna Garc\u00eda, actual Coordinadora de Acceso a la Informaci\u00f3n P\u00fablica de CMAS Xalapa, quien a pesar de ser muy joven, se aplica a la Transparencia.<\/p>\n\n\n\n<p>Jos\u00e9 Guadalupe Altamirano Castro es catedr\u00e1tico de la Universidad de Xalapa; Cinthya Nimbe Gonz\u00e1lez Arriaga, actual Subdirectora de la SEV, pero se le escucha experiencia en la materia.<\/p>\n\n\n\n<p>Naldy Patricia Rodr\u00edguez Lagunes, titular de la Unidad de Transparencia de la Secretar\u00eda de Gobierno del Estado y f\u00e9rrea defensora de la transparencia y rendici\u00f3n de cuentas como lo escribe constantemente en su columna Transparencia 3.0, toc\u00f3 un punto importante a diferencia de los dem\u00e1s participantes: los altos sueldos que ganan los comisionados en el IVAI y que ya hab\u00eda hecho p\u00fablico en el proceso anterior (junio 2016) donde igual particip\u00f3.<\/p>\n\n\n\n<p>Por cierto, otros que repiten en este proceso son Jos\u00e9 Manuel Rodr\u00edguez Melgarejo, ex Secretario de Finanzas del CDE del PRI y jefe de la Unidad Administrativa de la Secretar\u00eda del Trabajo en tiempos de Javier Duarte de Ochoa; Hugo Santiago Blanco Le\u00f3n, director de Acceso P\u00fablico a la Informaci\u00f3n del IVAI; Irma Rodr\u00edguez \u00c1ngel, a quien&nbsp; citan directamente como candidata de Yolli.<\/p>\n\n\n\n<p>Tambi\u00e9n participaron las titulares de las Unidades de Transparencia de los municipios de Coatepec, Ileana Junue Maga\u00f1a Cabrera; y de Poza Rica, Ana Josefina Bello Jim\u00e9nez; tambi\u00e9n Elizabeth Ramzahuer Villa, actual directora de datos personales del IVAI.<\/p>\n\n\n\n<p>Dentro de los 22 entrevistados el pasado fin de semana est\u00e1n Christian Trejo y Cruz, Gloria Yanet Teresa Vel\u00e1zquez Vallejo, Emilio Ortiz Medina, Virgen Mar\u00eda Guadalupe Bouret Flores, Ana Mar\u00eda Aguilar Hern\u00e1ndez, Eunice Caldelas Alc\u00e1ntara, Janett Ch\u00e1vez Rosales, Olga Jacqueline Lozano Gallegos, Natalia Paulina Mart\u00ednez Griego.<\/p>\n\n\n\n<p>Entre ellas y ellos est\u00e1 la terna, una terna que saldr\u00e1 en medio de una hist\u00f3rica contingencia sanitaria por el Covid-19; sin embargo, desde mi opini\u00f3n, ser\u00e1 una mujer la que esperemos tenga autonom\u00eda de los otros poderes por el bien de todas y todos los veracruzanos.<\/p>\n\n\n\n<p>@NumerosRojos_BC<\/p>\n\n\n\n<p><a href=\"mailto:caballero_brenda@hotmail.com\" target=\"_blank\" rel=\"noreferrer noopener\">caballero_brenda@hotmail.com<\/a><\/p>\n","protected":false},"excerpt":{"rendered":"<p>N\u00fameros Rojos Brenda Caballero \u00bfCu\u00e1l es la importancia de la autonom\u00eda del IVAI como \u00f3rgano garante en Veracruz? Fue la pregunta de la diputada Mar\u00eda Graciela Hern\u00e1ndez I\u00f1iguez, integrante de la Comisi\u00f3n Permanente de Transparencia, Acceso a la Informaci\u00f3n y Parlamento Abierto de la LXV Legislatura del Congreso del Estado, a Liliana L\u00f3pez Coronado, aspirante [&hellip;]<\/p>\n","protected":false},"author":1,"featured_media":387,"comment_status":"open","ping_status":"open","sticky":false,"template":"","format":"standard","meta":{"_jetpack_memberships_contains_paid_content":false,"footnotes":""},"categories":[11],"tags":[],"class_list":["post-1178","post","type-post","status-publish","format-standard","has-post-thumbnail","hentry","category-opinion"],"jetpack_featured_media_url":"https:\/\/encuentroinformativo.com.mx\/wp-content\/uploads\/2020\/03\/7CF8A22B-2764-47BE-8F7F-38FE9E5D6A2F.jpeg","jetpack_sharing_enabled":true,"jetpack_likes_enabled":true,"amp_enabled":true,"_links":{"self":[{"href":"https:\/\/encuentroinformativo.com.mx\/index.php?rest_route=\/wp\/v2\/posts\/1178","targetHints":{"allow":["GET"]}}],"collection":[{"href":"https:\/\/encuentroinformativo.com.mx\/index.php?rest_route=\/wp\/v2\/posts"}],"about":[{"href":"https:\/\/encuentroinformativo.com.mx\/index.php?rest_route=\/wp\/v2\/types\/post"}],"author":[{"embeddable":true,"href":"https:\/\/encuentroinformativo.com.mx\/index.php?rest_route=\/wp\/v2\/users\/1"}],"replies":[{"embeddable":true,"href":"https:\/\/encuentroinformativo.com.mx\/index.php?rest_route=%2Fwp%2Fv2%2Fcomments&post=1178"}],"version-history":[{"count":1,"href":"https:\/\/encuentroinformativo.com.mx\/index.php?rest_route=\/wp\/v2\/posts\/1178\/revisions"}],"predecessor-version":[{"id":1179,"href":"https:\/\/encuentroinformativo.com.mx\/index.php?rest_route=\/wp\/v2\/posts\/1178\/revisions\/1179"}],"wp:featuredmedia":[{"embeddable":true,"href":"https:\/\/encuentroinformativo.com.mx\/index.php?rest_route=\/wp\/v2\/media\/387"}],"wp:attachment":[{"href":"https:\/\/encuentroinformativo.com.mx\/index.php?rest_route=%2Fwp%2Fv2%2Fmedia&parent=1178"}],"wp:term":[{"taxonomy":"category","embeddable":true,"href":"https:\/\/encuentroinformativo.com.mx\/index.php?rest_route=%2Fwp%2Fv2%2Fcategories&post=1178"},{"taxonomy":"post_tag","embeddable":true,"href":"https:\/\/encuentroinformativo.com.mx\/index.php?rest_route=%2Fwp%2Fv2%2Ftags&post=1178"}],"curies":[{"name":"wp","href":"https:\/\/api.w.org\/{rel}","templated":true}]}}