{"id":11784,"date":"2021-03-08T13:21:30","date_gmt":"2021-03-08T19:21:30","guid":{"rendered":"https:\/\/encuentroinformativo.com.mx\/?p=11784"},"modified":"2021-03-08T13:22:01","modified_gmt":"2021-03-08T19:22:01","slug":"tinen-de-rojo-fuente-del-parque-reforma-en-tuxpan","status":"publish","type":"post","link":"https:\/\/encuentroinformativo.com.mx\/?p=11784","title":{"rendered":"Ti\u00f1en de rojo fuente del parque Reforma en Tuxpan"},"content":{"rendered":"\n<p><strong>Alejandro \u00c1vila<\/strong><\/p>\n\n\n\n<p>Tuxpan, Ver.- La fuente que se ubica en el parque Reforma al centro de la ciudad de Tuxpan, amameci\u00f3 te\u00f1ida de color rojo y con un mensaje en un costado &#8220;La 4T es feminicida #8M&#8221;.<\/p>\n\n\n\n<p>Esta acci\u00f3n sorprendio a las personas pues en la ciudad no hay identificado alg\u00fan grupo feminista, y es la primera vez que algo as\u00ed sucede en el municipio.<\/p>\n\n\n\n<p>Este suceso, adem\u00e1s de plasmarlo en el marco de la conmemoraci\u00f3n del D\u00eda Internacional de la Mujer, es un acto que exije a las autoridades frenar los actos de violencia y feminicidio que se est\u00e1n dando en Veracruz, sobre todo en la zona norte de la entidad donde las cifras han crecido alarmantemente en los \u00faltimos meses.<\/p>\n\n\n\n<p>Justo este lunes 8 de marzo, alrededor de las 11 horas fue encontrada asesinada una mujer en el interior de su hogar, el cadaver fue encontrado amarrado y con signos de estrangulamiento.<\/p>\n\n\n\n<p>Los hechos ocurrieron en la calle Jacarandas de la colonia &#8220;El Vergel&#8221; en la ciudad de Tuxpan, a donde elementos ministeriales acudieron y tomaron conocimiento de los sucedido para iniciar la carpeta de investigaci\u00f3n.<\/p>\n\n\n\n<p>Se pudo conocer que la v\u00edctima es una mujer de aproximadamente 55 a\u00f1os, cuyo cad\u00e1ver se encontrar\u00eda amarrado de pies y manos y con signos de estrangulamiento.&nbsp;<\/p>\n","protected":false},"excerpt":{"rendered":"<p>Alejandro \u00c1vila Tuxpan, Ver.- La fuente que se ubica en el parque Reforma al centro de la ciudad de Tuxpan, amameci\u00f3 te\u00f1ida de color rojo y con un mensaje en un costado &#8220;La 4T es feminicida #8M&#8221;. Esta acci\u00f3n sorprendio a las personas pues en la ciudad no hay identificado alg\u00fan grupo feminista, y es [&hellip;]<\/p>\n","protected":false},"author":1,"featured_media":11785,"comment_status":"open","ping_status":"open","sticky":false,"template":"","format":"standard","meta":{"_jetpack_memberships_contains_paid_content":false,"footnotes":""},"categories":[2],"tags":[],"class_list":["post-11784","post","type-post","status-publish","format-standard","has-post-thumbnail","hentry","category-estado"],"jetpack_featured_media_url":"https:\/\/encuentroinformativo.com.mx\/wp-content\/uploads\/2021\/03\/87FF3228-F48A-4A59-A5F6-7B96409BD8CD.jpeg","jetpack_sharing_enabled":true,"jetpack_likes_enabled":true,"amp_enabled":true,"_links":{"self":[{"href":"https:\/\/encuentroinformativo.com.mx\/index.php?rest_route=\/wp\/v2\/posts\/11784","targetHints":{"allow":["GET"]}}],"collection":[{"href":"https:\/\/encuentroinformativo.com.mx\/index.php?rest_route=\/wp\/v2\/posts"}],"about":[{"href":"https:\/\/encuentroinformativo.com.mx\/index.php?rest_route=\/wp\/v2\/types\/post"}],"author":[{"embeddable":true,"href":"https:\/\/encuentroinformativo.com.mx\/index.php?rest_route=\/wp\/v2\/users\/1"}],"replies":[{"embeddable":true,"href":"https:\/\/encuentroinformativo.com.mx\/index.php?rest_route=%2Fwp%2Fv2%2Fcomments&post=11784"}],"version-history":[{"count":1,"href":"https:\/\/encuentroinformativo.com.mx\/index.php?rest_route=\/wp\/v2\/posts\/11784\/revisions"}],"predecessor-version":[{"id":11786,"href":"https:\/\/encuentroinformativo.com.mx\/index.php?rest_route=\/wp\/v2\/posts\/11784\/revisions\/11786"}],"wp:featuredmedia":[{"embeddable":true,"href":"https:\/\/encuentroinformativo.com.mx\/index.php?rest_route=\/wp\/v2\/media\/11785"}],"wp:attachment":[{"href":"https:\/\/encuentroinformativo.com.mx\/index.php?rest_route=%2Fwp%2Fv2%2Fmedia&parent=11784"}],"wp:term":[{"taxonomy":"category","embeddable":true,"href":"https:\/\/encuentroinformativo.com.mx\/index.php?rest_route=%2Fwp%2Fv2%2Fcategories&post=11784"},{"taxonomy":"post_tag","embeddable":true,"href":"https:\/\/encuentroinformativo.com.mx\/index.php?rest_route=%2Fwp%2Fv2%2Ftags&post=11784"}],"curies":[{"name":"wp","href":"https:\/\/api.w.org\/{rel}","templated":true}]}}