{"id":11787,"date":"2021-03-08T13:35:54","date_gmt":"2021-03-08T19:35:54","guid":{"rendered":"https:\/\/encuentroinformativo.com.mx\/?p=11787"},"modified":"2021-03-08T13:35:57","modified_gmt":"2021-03-08T19:35:57","slug":"sindicalizados-reclaman-reinstalacion-de-trabajadores-de-liconsa","status":"publish","type":"post","link":"https:\/\/encuentroinformativo.com.mx\/?p=11787","title":{"rendered":"Sindicalizados reclaman reinstalaci\u00f3n de trabajadores de Liconsa"},"content":{"rendered":"\n<p><strong>Juan Arcos <\/strong><\/p>\n\n\n\n<p>Xalapa, Ver.- Un grupo de trabajadores sindicalizados de la compa\u00f1\u00eda paraestatal &#8220;Leche Industrializada Conasupo&#8221; (Liconsa) bloque\u00f3 la avenida Xalapa, para exigir la reinstalaci\u00f3n de compa\u00f1eros y que se respete el contrato colectivo de trabajo.<\/p>\n\n\n\n<p>Se trata de agremiados al Sindicato Nacional Independiente de los Trabajadores de Liconsa (Sinalitl), quienes cerraron dos carriles de la importante arteria vehicular.<\/p>\n\n\n\n<p>En el lugar, el secretario del Trabajo del Sindicato Nacional Independiente de los Trabajadores de Liconsa (Sinalitl), Francisco Cojolum Lopez, pidi\u00f3 la reinstalaci\u00f3n de Ra\u00fal Galv\u00e1n Utrera, secretario general de esta organizaci\u00f3n sindical.<\/p>\n\n\n\n<p>El entrevistado acus\u00f3 al l\u00edder de la Confederaci\u00f3n de Trabajadores de M\u00e9xico (CTM) en Liconsa,Carlos Iv\u00e1n Garc\u00eda P\u00e9rez, de enriquecerse con las cuotas sindicales de los trabajadores.<\/p>\n\n\n\n<p>Adem\u00e1s, denunci\u00f3 que el otro sindicato tom\u00f3 las instalaciones de Liconsa, ubicadas sobre la avenida Xalapa, para evitar que el l\u00edder sindical Ra\u00fal Galv\u00e1n sea reinstalado.<\/p>\n\n\n\n<p>&#8220;Y casualmente el d\u00eda de hoy que se reinstala nuestro l\u00edder, ellos montan este teatro exigiendo y enga\u00f1ando a los trabajadores de que es por pagos de tiempos extras y entrega de uniformes cuando en realidad es para impedir la reinstalaci\u00f3n de Ra\u00fal Galv\u00e1n&#8221;.<\/p>\n\n\n\n<p>Cojolum L\u00f3pez record\u00f3 que Ra\u00fal Galv\u00e1n fue despedido el 14 de febrero de 2020 por iniciar la creaci\u00f3n de un nuevo sindicato en la compa\u00f1\u00eda paraestatal, en el marco de la reforma laboral.<\/p>\n\n\n\n<p>En ese sentido, indic\u00f3 que la Junta de Conciliaci\u00f3n y Arbitraje federal exhort\u00f3 a Liconsa para que reinstale a dicho trabajador.<\/p>\n\n\n\n<p>\u201cAprovechamos para un nuevo sindicato dentro Liconsa ante el sindicato \u00fanico cetemista, hartos de que los l\u00edderes se hayan enriquecido con nuestras cuotas sindicales y que no exigen el respeto de los contratos colectivos\u201d, remat\u00f3.<\/p>\n","protected":false},"excerpt":{"rendered":"<p>Juan Arcos Xalapa, Ver.- Un grupo de trabajadores sindicalizados de la compa\u00f1\u00eda paraestatal &#8220;Leche Industrializada Conasupo&#8221; (Liconsa) bloque\u00f3 la avenida Xalapa, para exigir la reinstalaci\u00f3n de compa\u00f1eros y que se respete el contrato colectivo de trabajo. Se trata de agremiados al Sindicato Nacional Independiente de los Trabajadores de Liconsa (Sinalitl), quienes cerraron dos carriles de [&hellip;]<\/p>\n","protected":false},"author":1,"featured_media":11788,"comment_status":"open","ping_status":"open","sticky":false,"template":"","format":"standard","meta":{"_jetpack_memberships_contains_paid_content":false,"footnotes":""},"categories":[3],"tags":[],"class_list":["post-11787","post","type-post","status-publish","format-standard","has-post-thumbnail","hentry","category-xalapa"],"jetpack_featured_media_url":"https:\/\/encuentroinformativo.com.mx\/wp-content\/uploads\/2021\/03\/96313B19-4888-4FCF-A10C-9991C489A283.jpeg","jetpack_sharing_enabled":true,"jetpack_likes_enabled":true,"amp_enabled":true,"_links":{"self":[{"href":"https:\/\/encuentroinformativo.com.mx\/index.php?rest_route=\/wp\/v2\/posts\/11787","targetHints":{"allow":["GET"]}}],"collection":[{"href":"https:\/\/encuentroinformativo.com.mx\/index.php?rest_route=\/wp\/v2\/posts"}],"about":[{"href":"https:\/\/encuentroinformativo.com.mx\/index.php?rest_route=\/wp\/v2\/types\/post"}],"author":[{"embeddable":true,"href":"https:\/\/encuentroinformativo.com.mx\/index.php?rest_route=\/wp\/v2\/users\/1"}],"replies":[{"embeddable":true,"href":"https:\/\/encuentroinformativo.com.mx\/index.php?rest_route=%2Fwp%2Fv2%2Fcomments&post=11787"}],"version-history":[{"count":1,"href":"https:\/\/encuentroinformativo.com.mx\/index.php?rest_route=\/wp\/v2\/posts\/11787\/revisions"}],"predecessor-version":[{"id":11789,"href":"https:\/\/encuentroinformativo.com.mx\/index.php?rest_route=\/wp\/v2\/posts\/11787\/revisions\/11789"}],"wp:featuredmedia":[{"embeddable":true,"href":"https:\/\/encuentroinformativo.com.mx\/index.php?rest_route=\/wp\/v2\/media\/11788"}],"wp:attachment":[{"href":"https:\/\/encuentroinformativo.com.mx\/index.php?rest_route=%2Fwp%2Fv2%2Fmedia&parent=11787"}],"wp:term":[{"taxonomy":"category","embeddable":true,"href":"https:\/\/encuentroinformativo.com.mx\/index.php?rest_route=%2Fwp%2Fv2%2Fcategories&post=11787"},{"taxonomy":"post_tag","embeddable":true,"href":"https:\/\/encuentroinformativo.com.mx\/index.php?rest_route=%2Fwp%2Fv2%2Ftags&post=11787"}],"curies":[{"name":"wp","href":"https:\/\/api.w.org\/{rel}","templated":true}]}}