{"id":11791,"date":"2021-03-08T16:29:38","date_gmt":"2021-03-08T22:29:38","guid":{"rendered":"https:\/\/encuentroinformativo.com.mx\/?p=11791"},"modified":"2021-03-08T16:29:56","modified_gmt":"2021-03-08T22:29:56","slug":"rechazan-activistas-presencia-policiaca-durante-marchas","status":"publish","type":"post","link":"https:\/\/encuentroinformativo.com.mx\/?p=11791","title":{"rendered":"Rechazan activistas presencia polic\u00edaca durante marchas"},"content":{"rendered":"\n<p><strong>Juan Arcos<\/strong><\/p>\n\n\n\n<p>Xalapa, Ver.- La feminista Wendy L\u00f3pez reprob\u00f3 que cientos de polic\u00edas resguarden negocios, monumentos hist\u00f3ricos, iglesias y hasta el Palacio de Gobierno y el Palacio Municipal, ante la marcha anunciada para este lunes por el D\u00eda Internacional de la Mujer.<\/p>\n\n\n\n<p>La defensora de los derechos de las mujeres tambi\u00e9n repudi\u00f3 que durante el domingo 7 de marzo, a unas horas del D\u00eda Internacional de la Mujer, fuera hallado el cuerpo de una mujer, de entre 30 y 35 a\u00f1os, asesinada en el municipio de Emiliano Zapata, en la zona de Las Trancas.<\/p>\n\n\n\n<p>Adem\u00e1s, lament\u00f3 que este 8 de marzo fuera encontrado el cuerpo de otra mujer, de 31 a\u00f1os, con un balazo en la cabeza e indicios de tortura en el municipio de Sayula de Alem\u00e1n, en la zona sur de la entidad.<\/p>\n\n\n\n<p>La Presidenta de la Red de Mujeres Trabajando por Veracruz indic\u00f3 que este estado ocupa el segundo lugar a nivel nacional con mayor violencia de g\u00e9nero, pese a que existen dos alertas de g\u00e9nero.<\/p>\n\n\n\n<p>\u201cHoy encontraron el cuerpo de una mujer y luego ver todo este despliegue policiaco, este despliegue lo queremos para la protecci\u00f3n de nosotras, de nuestras ni\u00f1as, de nuestras mujeres, de nuestras mam\u00e1s\u201d.<\/p>\n\n\n\n<p>Adem\u00e1s, confirm\u00f3 que 35 mujeres han sido asesinadas en el estado solo durante los dos primeros meses de este a\u00f1o.<\/p>\n\n\n\n<p>\u201cSomos el segundo estado a nivel nacional con violencia de g\u00e9nero. Tenemos dos alertas y esto sigue y sigue, ya los quisiera ver cuidando a nuestras ni\u00f1as\u201d, enfatiz\u00f3.<\/p>\n","protected":false},"excerpt":{"rendered":"<p>Juan Arcos Xalapa, Ver.- La feminista Wendy L\u00f3pez reprob\u00f3 que cientos de polic\u00edas resguarden negocios, monumentos hist\u00f3ricos, iglesias y hasta el Palacio de Gobierno y el Palacio Municipal, ante la marcha anunciada para este lunes por el D\u00eda Internacional de la Mujer. La defensora de los derechos de las mujeres tambi\u00e9n repudi\u00f3 que durante el [&hellip;]<\/p>\n","protected":false},"author":1,"featured_media":11792,"comment_status":"open","ping_status":"open","sticky":false,"template":"","format":"standard","meta":{"_jetpack_memberships_contains_paid_content":false,"footnotes":""},"categories":[3],"tags":[],"class_list":["post-11791","post","type-post","status-publish","format-standard","has-post-thumbnail","hentry","category-xalapa"],"jetpack_featured_media_url":"https:\/\/encuentroinformativo.com.mx\/wp-content\/uploads\/2021\/03\/75841438-EDBF-4CEC-ACC0-ED6A2F14831E.jpeg","jetpack_sharing_enabled":true,"jetpack_likes_enabled":true,"amp_enabled":true,"_links":{"self":[{"href":"https:\/\/encuentroinformativo.com.mx\/index.php?rest_route=\/wp\/v2\/posts\/11791","targetHints":{"allow":["GET"]}}],"collection":[{"href":"https:\/\/encuentroinformativo.com.mx\/index.php?rest_route=\/wp\/v2\/posts"}],"about":[{"href":"https:\/\/encuentroinformativo.com.mx\/index.php?rest_route=\/wp\/v2\/types\/post"}],"author":[{"embeddable":true,"href":"https:\/\/encuentroinformativo.com.mx\/index.php?rest_route=\/wp\/v2\/users\/1"}],"replies":[{"embeddable":true,"href":"https:\/\/encuentroinformativo.com.mx\/index.php?rest_route=%2Fwp%2Fv2%2Fcomments&post=11791"}],"version-history":[{"count":1,"href":"https:\/\/encuentroinformativo.com.mx\/index.php?rest_route=\/wp\/v2\/posts\/11791\/revisions"}],"predecessor-version":[{"id":11793,"href":"https:\/\/encuentroinformativo.com.mx\/index.php?rest_route=\/wp\/v2\/posts\/11791\/revisions\/11793"}],"wp:featuredmedia":[{"embeddable":true,"href":"https:\/\/encuentroinformativo.com.mx\/index.php?rest_route=\/wp\/v2\/media\/11792"}],"wp:attachment":[{"href":"https:\/\/encuentroinformativo.com.mx\/index.php?rest_route=%2Fwp%2Fv2%2Fmedia&parent=11791"}],"wp:term":[{"taxonomy":"category","embeddable":true,"href":"https:\/\/encuentroinformativo.com.mx\/index.php?rest_route=%2Fwp%2Fv2%2Fcategories&post=11791"},{"taxonomy":"post_tag","embeddable":true,"href":"https:\/\/encuentroinformativo.com.mx\/index.php?rest_route=%2Fwp%2Fv2%2Ftags&post=11791"}],"curies":[{"name":"wp","href":"https:\/\/api.w.org\/{rel}","templated":true}]}}