{"id":11794,"date":"2021-03-08T16:37:49","date_gmt":"2021-03-08T22:37:49","guid":{"rendered":"https:\/\/encuentroinformativo.com.mx\/?p=11794"},"modified":"2021-03-08T16:37:51","modified_gmt":"2021-03-08T22:37:51","slug":"autoridades-normalizan-embarazos-en-menores","status":"publish","type":"post","link":"https:\/\/encuentroinformativo.com.mx\/?p=11794","title":{"rendered":"Autoridades \u201cnormalizan\u201d embarazos en menores"},"content":{"rendered":"\n<p><strong>Dar\u00edo Pale<\/strong><\/p>\n\n\n\n<p>Xalapa, Ver.- Es muy lamentable que se &#8220;normalice&#8221; que a los Servicios de Salud del Estado lleguen las ni\u00f1as de 13, 14 a\u00f1os o hasta 12 a\u00f1os a recibir control prenatal, as\u00ed lo se\u00f1alaron durante una manifestaci\u00f3n en la plaza Lerdo\u00a0Adriana Fuentes, integrante de Equifon\u00eda A.C.<\/p>\n\n\n\n<p>Entrevistada durante la manifestaci\u00f3n se\u00f1al\u00f3 que en\u00a0el marco del 8M y con el objeto de impulsar una campa\u00f1a en contra del embarazo infantil, refiri\u00f3 que desde el momento en el que no les creen que hayan sido v\u00edctimas de violaci\u00f3n sexual, se genera otro tipo de violencia en su contra.<\/p>\n\n\n\n<p>&#8220;Justifican el hecho, adem\u00e1s de que se normaliza que una ni\u00f1a de 14 a\u00f1os, de 13, de 12, llegue a recibir control prenatal. Es absurdo que no se apliquen los instrumentos de violencia para identificar que esa ni\u00f1a est\u00e1 en riesgo y que sean muy probablemente quienes la acompa\u00f1an, la que la colocan en ese riesgo tambi\u00e9n&#8221;, se\u00f1al\u00f3.<\/p>\n\n\n\n<p>Dio a conocer que en la Secretar\u00eda de Salud faltan protocolos de atenci\u00f3n espec\u00edficos para las ni\u00f1as ya que con\u00a0base en los reportes oficiales hay ni\u00f1as hasta de 9 a\u00f1os con un parto, lo cual quiere decir que meses antes ocurri\u00f3 el embarazo y que fue atendida a trav\u00e9s de los servicios de salud porque est\u00e1n en sus estad\u00edsticas.<\/p>\n\n\n\n<p>Coment\u00f3 que de los casos que han acompa\u00f1ado para que se presenten las denuncias correspondientes, dijo que la Fiscal\u00eda General del Estado ha dado seguimiento y las ni\u00f1as han accedido a su derecho de interrupci\u00f3n del embarazo.<\/p>\n\n\n\n<p>&#8220;De acuerdo a la ley puedes dar el consentimiento mientras no medie violencia, en estos casos en particular las ni\u00f1as han tenido relaciones bajo presi\u00f3n y por personas adultas. Ha habido investigaciones que definen que son los padres de esas ni\u00f1as, entonces estamos frente a un delito de pederastia&#8221;, indic\u00f3.<\/p>\n\n\n\n<p>Reiter\u00f3 que desafortunadamente Veracruz ocupa el segundo lugar a nivel nacional en embarazo infantil y al no saber qu\u00e9 hacer, es que deciden emprender la campa\u00f1a &#8220;Protejamos a las ni\u00f1as, erradiquemos el embarazo infantil&#8221;, con lo cu\u00e1l\u00a0la campa\u00f1a busca informar a los padres de familia de las menores de edad y a ellas sobre los derechos que tienen dentro de los Servicios de Salud de Veracruz y en su momento acceder a la Interrupci\u00f3n Ilegal del Embarazo (ILE).<\/p>\n\n\n\n<p>Finalmente cabe recordar que del 2019 a la fecha Equifon\u00eda ha dado acompa\u00f1amiento a 11 casos, de los cuales algunos pidieron que sesionara el Comit\u00e9 de Bio\u00e9tica para atenderlas.<\/p>\n","protected":false},"excerpt":{"rendered":"<p>Dar\u00edo Pale Xalapa, Ver.- Es muy lamentable que se &#8220;normalice&#8221; que a los Servicios de Salud del Estado lleguen las ni\u00f1as de 13, 14 a\u00f1os o hasta 12 a\u00f1os a recibir control prenatal, as\u00ed lo se\u00f1alaron durante una manifestaci\u00f3n en la plaza Lerdo\u00a0Adriana Fuentes, integrante de Equifon\u00eda A.C. Entrevistada durante la manifestaci\u00f3n se\u00f1al\u00f3 que en\u00a0el [&hellip;]<\/p>\n","protected":false},"author":1,"featured_media":11795,"comment_status":"open","ping_status":"open","sticky":false,"template":"","format":"standard","meta":{"_jetpack_memberships_contains_paid_content":false,"footnotes":""},"categories":[9],"tags":[],"class_list":["post-11794","post","type-post","status-publish","format-standard","has-post-thumbnail","hentry","category-salud"],"jetpack_featured_media_url":"https:\/\/encuentroinformativo.com.mx\/wp-content\/uploads\/2021\/03\/E688226E-A383-47E9-882E-56859B898689.jpeg","jetpack_sharing_enabled":true,"jetpack_likes_enabled":true,"amp_enabled":true,"_links":{"self":[{"href":"https:\/\/encuentroinformativo.com.mx\/index.php?rest_route=\/wp\/v2\/posts\/11794","targetHints":{"allow":["GET"]}}],"collection":[{"href":"https:\/\/encuentroinformativo.com.mx\/index.php?rest_route=\/wp\/v2\/posts"}],"about":[{"href":"https:\/\/encuentroinformativo.com.mx\/index.php?rest_route=\/wp\/v2\/types\/post"}],"author":[{"embeddable":true,"href":"https:\/\/encuentroinformativo.com.mx\/index.php?rest_route=\/wp\/v2\/users\/1"}],"replies":[{"embeddable":true,"href":"https:\/\/encuentroinformativo.com.mx\/index.php?rest_route=%2Fwp%2Fv2%2Fcomments&post=11794"}],"version-history":[{"count":1,"href":"https:\/\/encuentroinformativo.com.mx\/index.php?rest_route=\/wp\/v2\/posts\/11794\/revisions"}],"predecessor-version":[{"id":11796,"href":"https:\/\/encuentroinformativo.com.mx\/index.php?rest_route=\/wp\/v2\/posts\/11794\/revisions\/11796"}],"wp:featuredmedia":[{"embeddable":true,"href":"https:\/\/encuentroinformativo.com.mx\/index.php?rest_route=\/wp\/v2\/media\/11795"}],"wp:attachment":[{"href":"https:\/\/encuentroinformativo.com.mx\/index.php?rest_route=%2Fwp%2Fv2%2Fmedia&parent=11794"}],"wp:term":[{"taxonomy":"category","embeddable":true,"href":"https:\/\/encuentroinformativo.com.mx\/index.php?rest_route=%2Fwp%2Fv2%2Fcategories&post=11794"},{"taxonomy":"post_tag","embeddable":true,"href":"https:\/\/encuentroinformativo.com.mx\/index.php?rest_route=%2Fwp%2Fv2%2Ftags&post=11794"}],"curies":[{"name":"wp","href":"https:\/\/api.w.org\/{rel}","templated":true}]}}