{"id":11804,"date":"2021-03-08T13:39:22","date_gmt":"2021-03-08T19:39:22","guid":{"rendered":"https:\/\/encuentroinformativo.com.mx\/?p=11804"},"modified":"2021-03-08T19:41:24","modified_gmt":"2021-03-09T01:41:24","slug":"ayuntamiento-de-alvarado-sin-emitir-postura-sobre-funcionaria-detenida","status":"publish","type":"post","link":"https:\/\/encuentroinformativo.com.mx\/?p=11804","title":{"rendered":"Ayuntamiento de Alvarado sin emitir postura sobre funcionaria detenida"},"content":{"rendered":"\n<p><strong>Alejandro \u00c1vila<\/strong><\/p>\n\n\n\n<p>Alvarado, Ver.- Aunque se intent\u00f3 obtener la postura del Ayuntamiento de Alvarado sobre la detenci\u00f3n de su directora de Desarrollo Social, Maryant &#8220;N&#8221;, estos indicaron que lo har\u00edan hasta que fuera liberada, algo que hasta la tarde de este lunes no hab\u00eda sucedido.<\/p>\n\n\n\n<p>La ma\u00f1ana de este domingo, la directora de Desarrollo Social del Ayuntamiento de Alvarado, Maryant &#8220;N&#8221; fue detenida en el aeropuerto internacional de Veracruz, &#8220;Heriberto Jara Corona&#8221; al intentar abordar un vuelo hac\u00eda la Ciudad de M\u00e9xico, pero fue detenida en su intento.<\/p>\n\n\n\n<p>Seg\u00fan los reportes, elementos de la Guardia Nacional apartaron a la joven de la fila de pasajeros y al revisarla notaron que tra\u00eda un arma de fuego tipo escuadra con cartuchos utiles, por lo que fue detenida y puesta a disposici\u00f3n de la Fiscal\u00eda General de la Rep\u00fablica.<\/p>\n\n\n\n<p>Maryant &#8220;N&#8221; est\u00e1 inscrita en la planilla de regidores que presentar\u00eda Lizeth \u00c1lvarez Vera, la pre candidata a la alcald\u00eda de Alvarado por el PVEM- Morena en las pr\u00f3ximas elecciones del 6 de junio del 2021.<\/p>\n\n\n\n<p>Se menciona que al no ser un arma de uso exclusivo del ejercito, la mujer ser\u00e1 dejada en libertad tras pagar una fianza y posteriormente enfrentar\u00e1 su proceso penal por fuera, por el presunto delito de tr\u00e1fico de armas.<\/p>\n","protected":false},"excerpt":{"rendered":"<p>Alejandro \u00c1vila Alvarado, Ver.- Aunque se intent\u00f3 obtener la postura del Ayuntamiento de Alvarado sobre la detenci\u00f3n de su directora de Desarrollo Social, Maryant &#8220;N&#8221;, estos indicaron que lo har\u00edan hasta que fuera liberada, algo que hasta la tarde de este lunes no hab\u00eda sucedido. La ma\u00f1ana de este domingo, la directora de Desarrollo Social [&hellip;]<\/p>\n","protected":false},"author":1,"featured_media":11805,"comment_status":"open","ping_status":"open","sticky":false,"template":"","format":"standard","meta":{"_jetpack_memberships_contains_paid_content":false,"footnotes":""},"categories":[14],"tags":[],"class_list":["post-11804","post","type-post","status-publish","format-standard","has-post-thumbnail","hentry","category-policiaca"],"jetpack_featured_media_url":"https:\/\/encuentroinformativo.com.mx\/wp-content\/uploads\/2021\/03\/00F7A873-8F7B-4E9E-BDC2-C93D63FA4332.jpeg","jetpack_sharing_enabled":true,"jetpack_likes_enabled":true,"amp_enabled":true,"_links":{"self":[{"href":"https:\/\/encuentroinformativo.com.mx\/index.php?rest_route=\/wp\/v2\/posts\/11804","targetHints":{"allow":["GET"]}}],"collection":[{"href":"https:\/\/encuentroinformativo.com.mx\/index.php?rest_route=\/wp\/v2\/posts"}],"about":[{"href":"https:\/\/encuentroinformativo.com.mx\/index.php?rest_route=\/wp\/v2\/types\/post"}],"author":[{"embeddable":true,"href":"https:\/\/encuentroinformativo.com.mx\/index.php?rest_route=\/wp\/v2\/users\/1"}],"replies":[{"embeddable":true,"href":"https:\/\/encuentroinformativo.com.mx\/index.php?rest_route=%2Fwp%2Fv2%2Fcomments&post=11804"}],"version-history":[{"count":1,"href":"https:\/\/encuentroinformativo.com.mx\/index.php?rest_route=\/wp\/v2\/posts\/11804\/revisions"}],"predecessor-version":[{"id":11806,"href":"https:\/\/encuentroinformativo.com.mx\/index.php?rest_route=\/wp\/v2\/posts\/11804\/revisions\/11806"}],"wp:featuredmedia":[{"embeddable":true,"href":"https:\/\/encuentroinformativo.com.mx\/index.php?rest_route=\/wp\/v2\/media\/11805"}],"wp:attachment":[{"href":"https:\/\/encuentroinformativo.com.mx\/index.php?rest_route=%2Fwp%2Fv2%2Fmedia&parent=11804"}],"wp:term":[{"taxonomy":"category","embeddable":true,"href":"https:\/\/encuentroinformativo.com.mx\/index.php?rest_route=%2Fwp%2Fv2%2Fcategories&post=11804"},{"taxonomy":"post_tag","embeddable":true,"href":"https:\/\/encuentroinformativo.com.mx\/index.php?rest_route=%2Fwp%2Fv2%2Ftags&post=11804"}],"curies":[{"name":"wp","href":"https:\/\/api.w.org\/{rel}","templated":true}]}}