{"id":11807,"date":"2021-03-08T21:55:42","date_gmt":"2021-03-09T03:55:42","guid":{"rendered":"https:\/\/encuentroinformativo.com.mx\/?p=11807"},"modified":"2021-03-08T21:55:44","modified_gmt":"2021-03-09T03:55:44","slug":"funcionaria-de-alvarado-aclara-hechos-de-su-detencion","status":"publish","type":"post","link":"https:\/\/encuentroinformativo.com.mx\/?p=11807","title":{"rendered":"Funcionaria de Alvarado aclara hechos de su detenci\u00f3n"},"content":{"rendered":"\n<p><strong>Alejandro \u00c1vila<\/strong><\/p>\n\n\n\n<p>Alvarado, Ver.- A trav\u00e9s de un video difundido en sus redes sociales personales, Maryant Rojas Valerio, directora de Desarrollo Social del Ayuntamiento de Alvarado, confirm\u00f3 haber sido detenida este domingo y explic\u00f3 el motivo, al tiempo que lament\u00f3 se haya utilizado la situaci\u00f3n de forma pol\u00edtica.<\/p>\n\n\n\n<p>La funcionaria municipal agradeci\u00f3 a las autoridades el haber cuidado sus derechos humanos y reconoci\u00f3 que ellos \u00fanicamente cumplieron con su trabajo apegados al marco legal.<\/p>\n\n\n\n<p>&#8220;Efectivamente, el d\u00eda de ayer fui detenida por no traer conmigo mi permiso de portaci\u00f3n de arma, la cual por cierto, no es de uso exclusivo del ej\u00e9rcito. Como ciudadana y servidora p\u00fablica estamos vulnerables a la desinformaci\u00f3n, como en este caso, ninguna de las situaciones que de manera calumniosa se han manejado en las redes sociales para afectarme, es verdad. La verdad siempre sale a la luz&#8221;, expres\u00f3.<\/p>\n\n\n\n<p>Relat\u00f3 que el tr\u00e1mite para portar un arma lo realiz\u00f3 hace casi un a\u00f1o, debido a que previo a ello fue v\u00edctima de violencia, robo y amenazas hacia su persona, cuando asaltaron su negocio.<\/p>\n\n\n\n<p>&#8220;Aclaro y enfatizo que realice este tr\u00e1mite para protegerme, no vivir con miedo y no permitir m\u00e1s abusos hacia mi persona y, como mujer que somos, cuidarnos. Repruebo la violencia y m\u00e1s repruebo el hecho de que nosotras las mujeres seamos objeto de ella&#8221;, resalt\u00f3.<\/p>\n\n\n\n<p>Expuso que su vida la dedica a su trabajo y familia, por lo que decidi\u00f3 dar la cara, ya que asest\u00f3, &#8220;no soy delincuente, comet\u00ed una falta administrativa&#8221;.<\/p>\n\n\n\n<p>Finalmente, remarc\u00f3 que, como lo indica el procedimiento, al no llevar consigo el permiso de portaci\u00f3n, fue trasladada a las instalaciones de la Fiscal\u00eda General de la Rep\u00fablica en lo que su abogado presentaba su permiso, as\u00ed como los documentos que acreditan el origen l\u00edcito del arma.<\/p>\n\n\n\n<p>&#8220;A quienes quisieron llevar esta lamentable situaci\u00f3n personal al terreno de lo pol\u00edtico electoral, solo les digo que aqu\u00ed estoy, que doy la cara y la dar\u00e9 siempre que se me acuse de algo, porque no soy como ustedes&#8221;, remat\u00f3.<\/p>\n","protected":false},"excerpt":{"rendered":"<p>Alejandro \u00c1vila Alvarado, Ver.- A trav\u00e9s de un video difundido en sus redes sociales personales, Maryant Rojas Valerio, directora de Desarrollo Social del Ayuntamiento de Alvarado, confirm\u00f3 haber sido detenida este domingo y explic\u00f3 el motivo, al tiempo que lament\u00f3 se haya utilizado la situaci\u00f3n de forma pol\u00edtica. La funcionaria municipal agradeci\u00f3 a las autoridades [&hellip;]<\/p>\n","protected":false},"author":1,"featured_media":11808,"comment_status":"open","ping_status":"open","sticky":false,"template":"","format":"standard","meta":{"_jetpack_memberships_contains_paid_content":false,"footnotes":""},"categories":[2],"tags":[],"class_list":["post-11807","post","type-post","status-publish","format-standard","has-post-thumbnail","hentry","category-estado"],"jetpack_featured_media_url":"https:\/\/encuentroinformativo.com.mx\/wp-content\/uploads\/2021\/03\/50100178-CCFB-45B8-B477-56BD308337A9.jpeg","jetpack_sharing_enabled":true,"jetpack_likes_enabled":true,"amp_enabled":true,"_links":{"self":[{"href":"https:\/\/encuentroinformativo.com.mx\/index.php?rest_route=\/wp\/v2\/posts\/11807","targetHints":{"allow":["GET"]}}],"collection":[{"href":"https:\/\/encuentroinformativo.com.mx\/index.php?rest_route=\/wp\/v2\/posts"}],"about":[{"href":"https:\/\/encuentroinformativo.com.mx\/index.php?rest_route=\/wp\/v2\/types\/post"}],"author":[{"embeddable":true,"href":"https:\/\/encuentroinformativo.com.mx\/index.php?rest_route=\/wp\/v2\/users\/1"}],"replies":[{"embeddable":true,"href":"https:\/\/encuentroinformativo.com.mx\/index.php?rest_route=%2Fwp%2Fv2%2Fcomments&post=11807"}],"version-history":[{"count":1,"href":"https:\/\/encuentroinformativo.com.mx\/index.php?rest_route=\/wp\/v2\/posts\/11807\/revisions"}],"predecessor-version":[{"id":11809,"href":"https:\/\/encuentroinformativo.com.mx\/index.php?rest_route=\/wp\/v2\/posts\/11807\/revisions\/11809"}],"wp:featuredmedia":[{"embeddable":true,"href":"https:\/\/encuentroinformativo.com.mx\/index.php?rest_route=\/wp\/v2\/media\/11808"}],"wp:attachment":[{"href":"https:\/\/encuentroinformativo.com.mx\/index.php?rest_route=%2Fwp%2Fv2%2Fmedia&parent=11807"}],"wp:term":[{"taxonomy":"category","embeddable":true,"href":"https:\/\/encuentroinformativo.com.mx\/index.php?rest_route=%2Fwp%2Fv2%2Fcategories&post=11807"},{"taxonomy":"post_tag","embeddable":true,"href":"https:\/\/encuentroinformativo.com.mx\/index.php?rest_route=%2Fwp%2Fv2%2Ftags&post=11807"}],"curies":[{"name":"wp","href":"https:\/\/api.w.org\/{rel}","templated":true}]}}