{"id":11813,"date":"2021-03-09T10:25:43","date_gmt":"2021-03-09T16:25:43","guid":{"rendered":"https:\/\/encuentroinformativo.com.mx\/?p=11813"},"modified":"2021-03-09T10:26:14","modified_gmt":"2021-03-09T16:26:14","slug":"siguen-sin-lograr-acuerdos-en-la-coalicion-veracruz-va","status":"publish","type":"post","link":"https:\/\/encuentroinformativo.com.mx\/?p=11813","title":{"rendered":"Siguen sin lograr acuerdos en la coalici\u00f3n Veracruz Va"},"content":{"rendered":"\n<p><strong>Juan Arcos <\/strong><\/p>\n\n\n\n<p>Xalapa, Ver.- La coalici\u00f3n <em>Veracruz Va<\/em> a\u00fan no est\u00e1 terminada, se sigue construyendo y en el caso de Xalapa, como en otros municipios, se seguir\u00e1 trabajando, para llegar a acuerdos e ir con el aspirante m\u00e1s fuerte, expres\u00f3 el representante nacional del Partido Revolucionario Institucional (PRI), Rub\u00e9n Moreira Valdez.<\/p>\n\n\n\n<p>Acompa\u00f1ado de los l\u00edderes de las tres fuerzas pol\u00edticas que conforman la alianza \u201cVeracruz Va\u201d, PAN, PRI y PRD, dijo que la coalici\u00f3n tiene posibilidad de integrar m\u00e1s distritos y municipios.<\/p>\n\n\n\n<p>\u201cEn el caso de Orizaba o Xalapa, tenemos diversos integrantes de nuestros partidos que leg\u00edtimamente aspiran a ser candidatos. Seguiremos trabajando y no lo dude que nos pondremos de acuerdo. Vamos en camino de una coalicici\u00f3n\u201d, destac\u00f3.<\/p>\n\n\n\n<p>A\u00f1adi\u00f3 que hace algunos meses, al menos en el PRI, las encuestas daban pocas posibilidades y, en la actualidad, los tres partidos mencionados tienen posibilidad de tener mayor\u00edas en el Congreso local.<\/p>\n\n\n\n<p>\u201cAhora, en la ruta en la que vamos, a los tres partidos nos da la posibilidad de tener mayor\u00edas en el Congreso\u201d, coment\u00f3, al referirse a los triunfos que obtuvieron en Hidalgo y Coahuila.<\/p>\n\n\n\n<p>Por su parte, el l\u00edder albiazul Joaqu\u00edn Guzm\u00e1n Avil\u00e9s se\u00f1al\u00f3 que la Alianza Va por M\u00e9xico est\u00e1 presentando \u201cperfiles de resultados, con probada experiencia pol\u00edtica y vocaci\u00f3n de servicio\u201d.<\/p>\n\n\n\n<p>\u201cEs la respuesta a la exigencia que desde hace dos a\u00f1os quiere Veracruz: desterrar a Morena. Necesitamos gobiernos de experiencia y resultados. Hoy, juntos, PAN, PRI y PRD queremos proteger la democracia que no la est\u00e1n da\u00f1anado d\u00eda a d\u00eda\u201d, a\u00f1adi\u00f3.<\/p>\n\n\n\n<p>El l\u00edder panista insisti\u00f3 en que la alianza est\u00e1 presentando candidatos fuertes y competitivos, donde la coincidencia es total.<\/p>\n\n\n\n<p>\u201cEstamos aqu\u00ed para rescatar a Veracruz. Una crisis sin precedentes como la que vivimos exige una alianza hist\u00f3rica, porque estamos comprometidos a velar por el bien de Veracruz\u201d, culmin\u00f3.<\/p>\n","protected":false},"excerpt":{"rendered":"<p>Juan Arcos Xalapa, Ver.- La coalici\u00f3n Veracruz Va a\u00fan no est\u00e1 terminada, se sigue construyendo y en el caso de Xalapa, como en otros municipios, se seguir\u00e1 trabajando, para llegar a acuerdos e ir con el aspirante m\u00e1s fuerte, expres\u00f3 el representante nacional del Partido Revolucionario Institucional (PRI), Rub\u00e9n Moreira Valdez. Acompa\u00f1ado de los l\u00edderes [&hellip;]<\/p>\n","protected":false},"author":1,"featured_media":11814,"comment_status":"open","ping_status":"open","sticky":false,"template":"","format":"standard","meta":{"_jetpack_memberships_contains_paid_content":false,"footnotes":""},"categories":[2],"tags":[],"class_list":["post-11813","post","type-post","status-publish","format-standard","has-post-thumbnail","hentry","category-estado"],"jetpack_featured_media_url":"https:\/\/encuentroinformativo.com.mx\/wp-content\/uploads\/2021\/03\/1F0BAA0C-0ECE-43D7-97D8-691DF35C62CA.jpeg","jetpack_sharing_enabled":true,"jetpack_likes_enabled":true,"amp_enabled":true,"_links":{"self":[{"href":"https:\/\/encuentroinformativo.com.mx\/index.php?rest_route=\/wp\/v2\/posts\/11813","targetHints":{"allow":["GET"]}}],"collection":[{"href":"https:\/\/encuentroinformativo.com.mx\/index.php?rest_route=\/wp\/v2\/posts"}],"about":[{"href":"https:\/\/encuentroinformativo.com.mx\/index.php?rest_route=\/wp\/v2\/types\/post"}],"author":[{"embeddable":true,"href":"https:\/\/encuentroinformativo.com.mx\/index.php?rest_route=\/wp\/v2\/users\/1"}],"replies":[{"embeddable":true,"href":"https:\/\/encuentroinformativo.com.mx\/index.php?rest_route=%2Fwp%2Fv2%2Fcomments&post=11813"}],"version-history":[{"count":1,"href":"https:\/\/encuentroinformativo.com.mx\/index.php?rest_route=\/wp\/v2\/posts\/11813\/revisions"}],"predecessor-version":[{"id":11815,"href":"https:\/\/encuentroinformativo.com.mx\/index.php?rest_route=\/wp\/v2\/posts\/11813\/revisions\/11815"}],"wp:featuredmedia":[{"embeddable":true,"href":"https:\/\/encuentroinformativo.com.mx\/index.php?rest_route=\/wp\/v2\/media\/11814"}],"wp:attachment":[{"href":"https:\/\/encuentroinformativo.com.mx\/index.php?rest_route=%2Fwp%2Fv2%2Fmedia&parent=11813"}],"wp:term":[{"taxonomy":"category","embeddable":true,"href":"https:\/\/encuentroinformativo.com.mx\/index.php?rest_route=%2Fwp%2Fv2%2Fcategories&post=11813"},{"taxonomy":"post_tag","embeddable":true,"href":"https:\/\/encuentroinformativo.com.mx\/index.php?rest_route=%2Fwp%2Fv2%2Ftags&post=11813"}],"curies":[{"name":"wp","href":"https:\/\/api.w.org\/{rel}","templated":true}]}}