{"id":11823,"date":"2021-03-09T14:23:40","date_gmt":"2021-03-09T20:23:40","guid":{"rendered":"https:\/\/encuentroinformativo.com.mx\/?p=11823"},"modified":"2021-03-09T14:24:10","modified_gmt":"2021-03-09T20:24:10","slug":"antimonumenta-colocada-en-plaza-de-la-soberania-sera-reubicada","status":"publish","type":"post","link":"https:\/\/encuentroinformativo.com.mx\/?p=11823","title":{"rendered":"Antimonumenta colocada en Plaza de la Soberan\u00eda ser\u00e1 reubicada"},"content":{"rendered":"\n<p><strong>Alejandro \u00c1vila<\/strong><\/p>\n\n\n\n<p>Veracruz, Ver.- El antimonumenta que colocaron este lunes las mujeres en la Plaza de la Soberan\u00eda por el #8M en el marco del D\u00eda Internacional de la Mujer y que remarca el penoso segundo lugar en feminicidios a nivel nacional, ser\u00e1 reubicado, confirm\u00f3 el alcalde Fernando Yunes M\u00e1rquez.<\/p>\n\n\n\n<p>El edil panista se\u00f1al\u00f3 que al menos 48 horas estar\u00e1 en el sitio que fue colocado y posteriormente, tras intentar concretar un di\u00e1logo con las j\u00f3venes que lo colocaron, buscar reubicarlo en otra zona, toda vez que incluso, en ese sitio debido a las condiciones climatologicas, se deteoriorar\u00eda con rapidez.<\/p>\n\n\n\n<p>&#8220;No hay ninguna solicitud, ayer se trat\u00f3 de dialogar con ellas, no quisieron dialogar, se negaron a ello, respetamos el que no quisieran dialogar pero no se puede quedar ah\u00ed, yo lo que les har\u00e9, les propondr\u00e9 que se quede en alg\u00fan otro parque, en alg\u00fan otra plaza p\u00fablica, hecha especificamente o digamos que la podamos nombrar especificamente para estos temas&#8221;, subray\u00f3.<\/p>\n\n\n\n<p>Detall\u00f3 que la Plaza de la Soberan\u00eda no est\u00e1 hecha para colocar alg\u00fan tipo de monumento de cualquier tema; sobre todo porque en ese espacio se llevan a cabo los actos c\u00edvicos de la naci\u00f3n.<\/p>\n\n\n\n<p>Este martes iniciaron los trabajos de limpieza en la Plaza de la Soberan\u00eda, donde personal de Limpia P\u00fablica y otras \u00e1reas del Ayuntamiento de Veracruz acudieron a limpiar los espacios que fueron rayados con aerosol, donde se dejaron mensajes en contra de la violencia de g\u00e9nero y feminicidios que se vive en la entidad veracruzana.<\/p>\n\n\n\n<p>&#8220;Ya empezamos a limpiar, desgraciadamente pues s\u00ed, el aerosol que se utiliza es muy dificil de quitar, es una zona importante para el turismo, importante para todos quienes vivimos aqu\u00ed, pero bueno, se va a ir quitando, se respet\u00f3 su derecho a la manifestaci\u00f3n, no hubo un solo polic\u00eda, un solo incidente, una sola persona que fuera reprimida, no nada, creo que eso es lo que m\u00e1s tenemos que destacar&#8221;, apunt\u00f3.<\/p>\n","protected":false},"excerpt":{"rendered":"<p>Alejandro \u00c1vila Veracruz, Ver.- El antimonumenta que colocaron este lunes las mujeres en la Plaza de la Soberan\u00eda por el #8M en el marco del D\u00eda Internacional de la Mujer y que remarca el penoso segundo lugar en feminicidios a nivel nacional, ser\u00e1 reubicado, confirm\u00f3 el alcalde Fernando Yunes M\u00e1rquez. El edil panista se\u00f1al\u00f3 que [&hellip;]<\/p>\n","protected":false},"author":1,"featured_media":11824,"comment_status":"open","ping_status":"open","sticky":false,"template":"","format":"standard","meta":{"_jetpack_memberships_contains_paid_content":false,"footnotes":""},"categories":[2],"tags":[],"class_list":["post-11823","post","type-post","status-publish","format-standard","has-post-thumbnail","hentry","category-estado"],"jetpack_featured_media_url":"https:\/\/encuentroinformativo.com.mx\/wp-content\/uploads\/2021\/03\/E3CAA462-1BED-49F9-93FC-F189DD1DD2AE.jpeg","jetpack_sharing_enabled":true,"jetpack_likes_enabled":true,"amp_enabled":true,"_links":{"self":[{"href":"https:\/\/encuentroinformativo.com.mx\/index.php?rest_route=\/wp\/v2\/posts\/11823","targetHints":{"allow":["GET"]}}],"collection":[{"href":"https:\/\/encuentroinformativo.com.mx\/index.php?rest_route=\/wp\/v2\/posts"}],"about":[{"href":"https:\/\/encuentroinformativo.com.mx\/index.php?rest_route=\/wp\/v2\/types\/post"}],"author":[{"embeddable":true,"href":"https:\/\/encuentroinformativo.com.mx\/index.php?rest_route=\/wp\/v2\/users\/1"}],"replies":[{"embeddable":true,"href":"https:\/\/encuentroinformativo.com.mx\/index.php?rest_route=%2Fwp%2Fv2%2Fcomments&post=11823"}],"version-history":[{"count":1,"href":"https:\/\/encuentroinformativo.com.mx\/index.php?rest_route=\/wp\/v2\/posts\/11823\/revisions"}],"predecessor-version":[{"id":11825,"href":"https:\/\/encuentroinformativo.com.mx\/index.php?rest_route=\/wp\/v2\/posts\/11823\/revisions\/11825"}],"wp:featuredmedia":[{"embeddable":true,"href":"https:\/\/encuentroinformativo.com.mx\/index.php?rest_route=\/wp\/v2\/media\/11824"}],"wp:attachment":[{"href":"https:\/\/encuentroinformativo.com.mx\/index.php?rest_route=%2Fwp%2Fv2%2Fmedia&parent=11823"}],"wp:term":[{"taxonomy":"category","embeddable":true,"href":"https:\/\/encuentroinformativo.com.mx\/index.php?rest_route=%2Fwp%2Fv2%2Fcategories&post=11823"},{"taxonomy":"post_tag","embeddable":true,"href":"https:\/\/encuentroinformativo.com.mx\/index.php?rest_route=%2Fwp%2Fv2%2Ftags&post=11823"}],"curies":[{"name":"wp","href":"https:\/\/api.w.org\/{rel}","templated":true}]}}