{"id":11826,"date":"2021-03-09T16:24:13","date_gmt":"2021-03-09T22:24:13","guid":{"rendered":"https:\/\/encuentroinformativo.com.mx\/?p=11826"},"modified":"2021-03-09T16:24:44","modified_gmt":"2021-03-09T22:24:44","slug":"delegado-acusa-a-medios-de-comunicacion-de-acelerar-a-la-poblacion-para-vacunarse","status":"publish","type":"post","link":"https:\/\/encuentroinformativo.com.mx\/?p=11826","title":{"rendered":"Delegado acusa a medios de comunicaci\u00f3n de &#8220;acelerar&#8221; a la poblaci\u00f3n para vacunarse"},"content":{"rendered":"\n<p><strong>Alejandro \u00c1vila<\/strong><\/p>\n\n\n\n<p>Veracruz, Ver.- El delegado de Gobierno Federal en Veracruz, Manuel Huerta Ladr\u00f3n de Guevara, acus\u00f3 a los medios de comunicaci\u00f3n de ser quienes &#8220;aceleraron&#8221; a la poblaci\u00f3n que iba a vacunarse y por tal situaci\u00f3n se aglomeraron en ciertas horas del primer d\u00eda de vacunaci\u00f3n.<\/p>\n\n\n\n<p>El funcionario morenista, no quiso hablar de los reclamos que hizo la gente en diversos centros de vacunaci\u00f3n en contra de los Servidores de la Naci\u00f3n, quienes est\u00e1n a su cargo y por su incapacidad para atender esta situaci\u00f3n crearon un caos a las afueras de los 16 recintos sedes de la vacunaci\u00f3n.<\/p>\n\n\n\n<p>&#8220;Eso es lo m\u00e1s importante y ojal\u00e1 los medios nos ayuden a eso, as\u00ed como a mantener la sana distancia y tambi\u00e9n la ansiedad de ustedes no sea suficientemente de aceleramiento, para acelerar m\u00e1s a la poblaci\u00f3n, los medios tienen que ser muy responsables, tienen que ayudarnos como hasta ahora lo han hecho&#8221;, exclam\u00f3.<\/p>\n\n\n\n<p>Aclar\u00f3 que seg\u00fan la informaci\u00f3n que ten\u00eda, unicamente en el m\u00f3dulo del Club de Leones es donde se percataron hubo cerca de 200 personas que pernoctaron para obtener la vacuna, situaci\u00f3n que dijo es totalmente innecesaria debido a que las dosis alcanzar\u00e1n para todos.<\/p>\n\n\n\n<p>&#8220;Serenidad y paciencia, van a llegar la vacuna y que acaten las recomendaciones que Gobierno Federal junto con el Gobierno Estatal a trav\u00e9s del sistema de salud estan haciendo&#8221;, remat\u00f3.<\/p>\n","protected":false},"excerpt":{"rendered":"<p>Alejandro \u00c1vila Veracruz, Ver.- El delegado de Gobierno Federal en Veracruz, Manuel Huerta Ladr\u00f3n de Guevara, acus\u00f3 a los medios de comunicaci\u00f3n de ser quienes &#8220;aceleraron&#8221; a la poblaci\u00f3n que iba a vacunarse y por tal situaci\u00f3n se aglomeraron en ciertas horas del primer d\u00eda de vacunaci\u00f3n. El funcionario morenista, no quiso hablar de los [&hellip;]<\/p>\n","protected":false},"author":1,"featured_media":11827,"comment_status":"open","ping_status":"open","sticky":false,"template":"","format":"standard","meta":{"_jetpack_memberships_contains_paid_content":false,"footnotes":""},"categories":[2],"tags":[],"class_list":["post-11826","post","type-post","status-publish","format-standard","has-post-thumbnail","hentry","category-estado"],"jetpack_featured_media_url":"https:\/\/encuentroinformativo.com.mx\/wp-content\/uploads\/2021\/03\/2FEC16C3-9E3C-49AD-9940-1AF8509DE640.jpeg","jetpack_sharing_enabled":true,"jetpack_likes_enabled":true,"amp_enabled":true,"_links":{"self":[{"href":"https:\/\/encuentroinformativo.com.mx\/index.php?rest_route=\/wp\/v2\/posts\/11826","targetHints":{"allow":["GET"]}}],"collection":[{"href":"https:\/\/encuentroinformativo.com.mx\/index.php?rest_route=\/wp\/v2\/posts"}],"about":[{"href":"https:\/\/encuentroinformativo.com.mx\/index.php?rest_route=\/wp\/v2\/types\/post"}],"author":[{"embeddable":true,"href":"https:\/\/encuentroinformativo.com.mx\/index.php?rest_route=\/wp\/v2\/users\/1"}],"replies":[{"embeddable":true,"href":"https:\/\/encuentroinformativo.com.mx\/index.php?rest_route=%2Fwp%2Fv2%2Fcomments&post=11826"}],"version-history":[{"count":1,"href":"https:\/\/encuentroinformativo.com.mx\/index.php?rest_route=\/wp\/v2\/posts\/11826\/revisions"}],"predecessor-version":[{"id":11828,"href":"https:\/\/encuentroinformativo.com.mx\/index.php?rest_route=\/wp\/v2\/posts\/11826\/revisions\/11828"}],"wp:featuredmedia":[{"embeddable":true,"href":"https:\/\/encuentroinformativo.com.mx\/index.php?rest_route=\/wp\/v2\/media\/11827"}],"wp:attachment":[{"href":"https:\/\/encuentroinformativo.com.mx\/index.php?rest_route=%2Fwp%2Fv2%2Fmedia&parent=11826"}],"wp:term":[{"taxonomy":"category","embeddable":true,"href":"https:\/\/encuentroinformativo.com.mx\/index.php?rest_route=%2Fwp%2Fv2%2Fcategories&post=11826"},{"taxonomy":"post_tag","embeddable":true,"href":"https:\/\/encuentroinformativo.com.mx\/index.php?rest_route=%2Fwp%2Fv2%2Ftags&post=11826"}],"curies":[{"name":"wp","href":"https:\/\/api.w.org\/{rel}","templated":true}]}}