{"id":11829,"date":"2021-03-10T09:20:51","date_gmt":"2021-03-10T15:20:51","guid":{"rendered":"https:\/\/encuentroinformativo.com.mx\/?p=11829"},"modified":"2021-03-10T09:21:22","modified_gmt":"2021-03-10T15:21:22","slug":"la-guardia-nacional-no-quiere-correr-en-carreteras-porque-les-da-ansieda","status":"publish","type":"post","link":"https:\/\/encuentroinformativo.com.mx\/?p=11829","title":{"rendered":"LA GUARDIA NACIONAL NO QUIERE CORRER EN CARRETERAS PORQUE LES DA &#8220;ANSIED\u00c1&#8221;"},"content":{"rendered":"\n<p><strong>@pablojair<\/strong><\/p>\n\n\n\n<ul class=\"wp-block-list\"><li>Fox y Pe\u00f1a protegieron a Yunes: Lydia Cacho.<\/li><li>Develan busto de la primera abogada en M\u00e9xico.<\/li><li>\u00bfQui\u00e9n protege a conocido malandro en el puerto de Veracruz?<\/li><\/ul>\n\n\n\n<p>Si procesaran al Temo, a Cascarita y a MaPedonio,<br>ayudar\u00edan mucho a tener un M\u00e9xico mejor. La neta, padre.<br>\u2014Chopenjawer<\/p>\n\n\n\n<p>La Polic\u00eda Federal de Caminos fue, por a\u00f1os, la mejor escuela de polic\u00eda en Latinoam\u00e9rica.<\/p>\n\n\n\n<p>Con sede en San Luis Potos\u00ed y adscrita a la entonces poderosa Secretar\u00eda de Comunicaciones y Transportes (SCT), su desmantelamiento tuvo mucho qu\u00e9 ver con movimientos de piezas pol\u00edticas y la pelea por el poder en la c\u00fapula priista en los tiempos finales del priato.<\/p>\n\n\n\n<p>Por ejemplo, la Polic\u00eda Federal de Caminos fue la corporaci\u00f3n que encumbr\u00f3 a pol\u00edticos como Emilio Gamboa Patr\u00f3n, quien como titular de la SCT en los tiempos del Salinato estaba incluso a veces mejor informado que el Centro de Investigaci\u00f3n y Seguridad Nacional (Cisen) de la Secretar\u00eda de Gobernaci\u00f3n, sencillamente porque se nutr\u00eda de mucha informaci\u00f3n que sus oficiales obten\u00edan de sus recorridos en toda la rep\u00fablica.<\/p>\n\n\n\n<p>En tiempos de Ernesto Zedillo fue desaparecida para crearse la Polic\u00eda Federal Preventiva y pas\u00f3 al control de la Secretar\u00eda de Gobernaci\u00f3n. Durante el gobierno de Vicente Fox se cre\u00f3 la Secretar\u00eda de Seguridad P\u00fablica y se convirti\u00f3 en su cuerpo operativo. En 2009 qued\u00f3 oficialmente disuelta para dar paso a la Polic\u00eda Federal con facultades de investigaci\u00f3n, en el marco de la guerra que el entonces presidente Felipe Calder\u00f3n encabez\u00f3 contra los c\u00e1rteles de la droga. (Por cierto, en ambos periodos, mucho tuvieron qu\u00e9 ver los amiguis Genaro Garc\u00eda Luna y Miguel \u00c1ngel Yunes Linares).<\/p>\n\n\n\n<p>Con Pe\u00f1a Nieto desapareci\u00f3 la Secretar\u00eda de Seguridad P\u00fablica para convertirse en Comisi\u00f3n Nacional de Seguridad, y la Polic\u00eda Federal volvi\u00f3 otra vez al control de la Secretar\u00eda de Gobernaci\u00f3n. Se cre\u00f3 tambi\u00e9n la famosa Gendarmer\u00eda Nacional, que era su cuerpo de \u00e9lite, aunque no tuvo mucho auge salvo el uniforme que recordaba al Sargento Dod\u00f3.<\/p>\n\n\n\n<p>Son ya pocos los que quedan de las \u00faltimas generaciones de aquella Polic\u00eda Federal de Caminos. Alguna vez un pariente nos platicaba que cuando entr\u00f3 como primera generaci\u00f3n de la Polic\u00eda Federal Preventiva, hab\u00eda una resistencia y malestar por parte de los instructores porque finalmente se pensaba que se estaba desprestigiando a la instituci\u00f3n, adem\u00e1s que no les lat\u00eda eso de que entraran militares y marinos a una corporaci\u00f3n civil.<\/p>\n\n\n\n<p>Finalmente, los polic\u00edas expertos de la vieja guardia siempre tienen presente una frase que no parecen entender muchos pol\u00edticos que hacen experimentos en el tema de seguridad: los soldados y los marinos no reciben el adiestramiento necesario para cumplir con dichas funciones en donde debe haber sagacidad, templanza y determinaci\u00f3n. Son \u00e1mbitos y manejos diferentes; entrenamientos y ma\u00f1as distintas.<\/p>\n\n\n\n<p>Muchos de mi generaci\u00f3n, cuando est\u00e1bamos morros, ve\u00edamos a los Federales de Caminos como una especie de superh\u00e9roes porque no s\u00f3lo eran la \u00e9lite de la \u00e9lite, sino que tra\u00edan las patrullas m\u00e1s chidas (con computadora y toda la cosa), que adem\u00e1s no ten\u00edan l\u00edmite en cuanto a los kil\u00f3metros por hora, por lo que eran expertos en el manejo de las unidades en persecuciones a alta velocidad.<\/p>\n\n\n\n<p>Ahora, en tiempos de la Cuarta Transformeishion, la Polic\u00eda Federal pas\u00f3 a convertirse en la Guardia Nacional, pero ya parece m\u00e1s bien un armatoste y mezcolanza entre soldados, marinos, polic\u00edas y anexas.<\/p>\n\n\n\n<p>Este 5 de marzo, por cierto, corri\u00f3 entre los chats policiacos de eso que llaman Whatsapp, un documento interno oficial que caus\u00f3 entre risa y tristeza con los polic\u00edas de carrera, pues resulta que all\u00e1 en Tijuana dieron la orden de que quedan prohibidas las persecuciones.<\/p>\n\n\n\n<p>No se sabe si esta orden aplica a nivel nacional, pero ya de entrada el documento GN\/UOEC\/DGSCI\/CBSCIBC\/1161\/2021 de la Direcci\u00f3n General de Seguridad en Carreteras e Instalaciones, dispuesto en la mesa de Coordinaci\u00f3n de Batall\u00f3n de Seguridad en Carreteras e Instalaciones, indica que claramente que quedan prohibidas las persecuciones al menos en el estado de Baja California.<\/p>\n\n\n\n<p>Va dirigido a titulares de estaci\u00f3n, grupos de Atenci\u00f3n del Protocolo de Violencia Fronteriza, al encargado del Grupo Antidelito, al Grupo de Atenci\u00f3n Especializado al Autotransporte, Seguridad vial de BC.<\/p>\n\n\n\n<p>&#8220;Se hace de conocimiento que en recientes fechas se han incrementado los casos m\u00e9dicos legales en donde personal de la Guardia Nacional ha sufrido accidentes vehiculares durante el desarrollo de las operaciones. Por lo cual se instruye difundir al personal bajo su cargo, no (negativo) participe en persecuciones vehiculares, a fin de garantizar la seguridad del propio personal&#8221;.<\/p>\n\n\n\n<p>El documento va firmado por el coordinador de Batall\u00f3n de Seguridad en Carretera e Instalaciones en Baja California, Jos\u00e9 Luis Avedillo Tejeda.<\/p>\n\n\n\n<p>Ya sabe c\u00f3mo es el jarocho de castroso, y ac\u00e1 la flota no tard\u00f3 en decir que mejor le giraran oficio a los delincuentes para que bajaran la velocidad y evitar la persecuci\u00f3n.<\/p>\n\n\n\n<p>Ya hasta dicen que no tardan en circular memes como el del perro fortach\u00f3n y el perrito espantado donde diga &#8220;ANTES: \u00c9lite la Federal de Caminos; AHORA: Am\u00e1, no quiero correr porque me da ansiedad&#8221;.<\/p>\n\n\n\n<p>\u00a1Pa\u2019 vatos!<\/p>\n\n\n\n<p><strong>NOTA PARA PEGAR EN EL REFRI: \u201c<\/strong>Vicente Fox Quezada (SIC) protegi\u00f3 a Kamel Nacif y a Miguel \u00c1ngel Yunes. Trata de ni\u00f1as y porno infantil\u2026 Felipe Calder\u00f3n protegi\u00f3 a asesinos de Guarder\u00edaABC y a Mario Mar\u00edn. Corrupci\u00f3n y trata de personas\u2026 Pe\u00f1a Nieto a Mar\u00edn, a Nacif y a Yunes\u2026 Gertz Manero protege a Kamel Nacif\u201d fue el tuit que escribi\u00f3 la periodista, escritora y activista Lydia Cacho Ribeiro, quien ha sido una valiente mujer que ha documentado y luchado contra la mafia pederasta de M\u00e9xico. Falt\u00f3 nom\u00e1s decir que a Cascarita lo hicieron tambi\u00e9n director del ISSSTE en el Calderonato.<\/p>\n\n\n\n<p><strong>OTRA NOTA: <\/strong>En conmemoraci\u00f3n del D\u00eda Internacional de la Mujer, el Colegio Nacional de Abogados Penalistas que dirige como presidente el abogado Gilberto Far\u00edas Morales, tuvo a bien hacer donaci\u00f3n de un busto en bronce en homenaje a la primera abogada titulada en Mexico: Mar\u00eda Asunci\u00f3n Sandoval de Zarco, mismo que fue recibido en las instalaciones de la Fiscal\u00eda General del Estado de Baja California, siendo recibidos por su titular Juan Guillermo Ruiz Hern\u00e1ndez, quien presidi\u00f3 la sesi\u00f3n. En el evento de develaci\u00f3n, estuvo el presidente del Tribunal superior de justicia, la presidenta del congreso del Estado, la alcaldesa de Tijuana, Karla Ruiz Macfarland, un representante de Gobierno del Estado, as\u00ed como presidentes de diversos colegios de abogados. El autor de la obra, Bernardo Luis Artasanchez, tambi\u00e9n estuvo acompa\u00f1ando al presidium de este magno evento. Presente tambi\u00e9n los reconocidos abogados Jorge Reyes Peralta y Jorge Reyes Leo.<\/p>\n\n\n\n<p><strong>LA \u00daLTIMA PORQUE YA ME ESTOY RETRASANDO CON EL PALINURO: <\/strong>Este martes trasciende que fueron rescatadas por familiares una mujer y sus tres hijos quienes hab\u00edan sido secuestrados desde el pasado s\u00e1bado 20 de febrero. Las v\u00edctimas fueron localizadas en el estado de Oaxaca. Seg\u00fan versiones, el secuestro fue realizado por un sujeto al que apodan \u201cEl Chaka\u201d, quien opera en el Mercado Malibr\u00e1n, y es supuestamente protegido por autoridades de Comercio del Ayuntamiento de Veracruz, que encabeza el alcalde Fernando Yunes, a trav\u00e9s de Jes\u00fas Saenz y Jos\u00e9 Rosas Vinzoneo. \u201cEl Chaka\u201d es un conocido narcomenudista que ya est\u00e1 bien identificado en archivos policiacos como presunto narcomenudista, pero sorprendentemente no se ha investigado y muchos menos se ha procesado. Se dice incluso que reparte ciertas cantidades de dinero a polic\u00edas para su protecci\u00f3n, aunque no es un capo ni un \u201cpesado\u201d dentro del crimen organizado.<\/p>\n","protected":false},"excerpt":{"rendered":"<p>@pablojair Fox y Pe\u00f1a protegieron a Yunes: Lydia Cacho. Develan busto de la primera abogada en M\u00e9xico. \u00bfQui\u00e9n protege a conocido malandro en el puerto de Veracruz? Si procesaran al Temo, a Cascarita y a MaPedonio,ayudar\u00edan mucho a tener un M\u00e9xico mejor. La neta, padre.\u2014Chopenjawer La Polic\u00eda Federal de Caminos fue, por a\u00f1os, la mejor [&hellip;]<\/p>\n","protected":false},"author":1,"featured_media":488,"comment_status":"open","ping_status":"open","sticky":false,"template":"","format":"standard","meta":{"_jetpack_memberships_contains_paid_content":false,"footnotes":""},"categories":[11],"tags":[],"class_list":["post-11829","post","type-post","status-publish","format-standard","has-post-thumbnail","hentry","category-opinion"],"jetpack_featured_media_url":"https:\/\/encuentroinformativo.com.mx\/wp-content\/uploads\/2020\/03\/F471F608-BA1A-416B-BA7B-BCFB24F4E6D0.jpeg","jetpack_sharing_enabled":true,"jetpack_likes_enabled":true,"amp_enabled":true,"_links":{"self":[{"href":"https:\/\/encuentroinformativo.com.mx\/index.php?rest_route=\/wp\/v2\/posts\/11829","targetHints":{"allow":["GET"]}}],"collection":[{"href":"https:\/\/encuentroinformativo.com.mx\/index.php?rest_route=\/wp\/v2\/posts"}],"about":[{"href":"https:\/\/encuentroinformativo.com.mx\/index.php?rest_route=\/wp\/v2\/types\/post"}],"author":[{"embeddable":true,"href":"https:\/\/encuentroinformativo.com.mx\/index.php?rest_route=\/wp\/v2\/users\/1"}],"replies":[{"embeddable":true,"href":"https:\/\/encuentroinformativo.com.mx\/index.php?rest_route=%2Fwp%2Fv2%2Fcomments&post=11829"}],"version-history":[{"count":1,"href":"https:\/\/encuentroinformativo.com.mx\/index.php?rest_route=\/wp\/v2\/posts\/11829\/revisions"}],"predecessor-version":[{"id":11830,"href":"https:\/\/encuentroinformativo.com.mx\/index.php?rest_route=\/wp\/v2\/posts\/11829\/revisions\/11830"}],"wp:featuredmedia":[{"embeddable":true,"href":"https:\/\/encuentroinformativo.com.mx\/index.php?rest_route=\/wp\/v2\/media\/488"}],"wp:attachment":[{"href":"https:\/\/encuentroinformativo.com.mx\/index.php?rest_route=%2Fwp%2Fv2%2Fmedia&parent=11829"}],"wp:term":[{"taxonomy":"category","embeddable":true,"href":"https:\/\/encuentroinformativo.com.mx\/index.php?rest_route=%2Fwp%2Fv2%2Fcategories&post=11829"},{"taxonomy":"post_tag","embeddable":true,"href":"https:\/\/encuentroinformativo.com.mx\/index.php?rest_route=%2Fwp%2Fv2%2Ftags&post=11829"}],"curies":[{"name":"wp","href":"https:\/\/api.w.org\/{rel}","templated":true}]}}