{"id":11833,"date":"2021-03-10T12:28:50","date_gmt":"2021-03-10T18:28:50","guid":{"rendered":"https:\/\/encuentroinformativo.com.mx\/?p=11833"},"modified":"2021-03-10T12:28:52","modified_gmt":"2021-03-10T18:28:52","slug":"vacunacion-esta-garantizada-para-veracruzanos-afirma-cuitlahuac","status":"publish","type":"post","link":"https:\/\/encuentroinformativo.com.mx\/?p=11833","title":{"rendered":"Vacunaci\u00f3n est\u00e1 garantizada para veracruzanos, afirma Cuitl\u00e1huac"},"content":{"rendered":"\n<p><strong>Redacci\u00f3n\u00a0<\/strong><\/p>\n\n\n\n<p>Xalapa, Ver.- \u201cTenemos vacunas para todos\u201d, as\u00ed lo afirm\u00f3 el gobernador Cuitl\u00e1huac Garc\u00eda Jim\u00e9nez ante las largas filas que se han presentado en municipios como Veracruz puerto para recibir la vacuna contra Covid.<\/p>\n\n\n\n<p>En conferencia de prensa, el ejecutivo estatal se\u00f1al\u00f3 que la vacunaci\u00f3n est\u00e1 garantizada para todos los adultos mayores, por lo que detall\u00f3 que en el primer d\u00eda de vacunaci\u00f3n en el puerto se aplicaron m\u00e1s de 11 mil 600 dosis a trav\u00e9s de los distintos m\u00f3dulos instalados.&nbsp;<\/p>\n\n\n\n<p>\u201cTenemos vacunas para todos\u2026 vuelvo a insistir a la poblaci\u00f3n, hay para todos\u201d, dijo.<\/p>\n\n\n\n<p>Garc\u00eda Jim\u00e9nez se\u00f1al\u00f3 que ya est\u00e1n planeando la vacunaci\u00f3n para la capital del estado, debido a que ser\u00e1 de las pr\u00f3ximas ciudades en recibir las dosis de vacunaci\u00f3n requeridas.&nbsp;<\/p>\n\n\n\n<p>Para concluir reiter\u00f3 el llamado a la poblaci\u00f3n para no acudir desde la noche anterior a realizar filas, pues afirm\u00f3 que los m\u00f3dulos estar\u00e1n funcionando mientras haya personas a las que les corresponda recibir su vacuna el d\u00eda indicado.&nbsp;<\/p>\n\n\n\n<p>\u201cXalapa podr\u00eda ser la pr\u00f3xima\u201d, sin embargo, precis\u00f3 que el proceso iniciar\u00eda hasta tener en sus manos el pr\u00f3ximo lote de vacunas. <\/p>\n","protected":false},"excerpt":{"rendered":"<p>Redacci\u00f3n\u00a0 Xalapa, Ver.- \u201cTenemos vacunas para todos\u201d, as\u00ed lo afirm\u00f3 el gobernador Cuitl\u00e1huac Garc\u00eda Jim\u00e9nez ante las largas filas que se han presentado en municipios como Veracruz puerto para recibir la vacuna contra Covid. En conferencia de prensa, el ejecutivo estatal se\u00f1al\u00f3 que la vacunaci\u00f3n est\u00e1 garantizada para todos los adultos mayores, por lo que [&hellip;]<\/p>\n","protected":false},"author":1,"featured_media":11834,"comment_status":"open","ping_status":"open","sticky":false,"template":"","format":"standard","meta":{"_jetpack_memberships_contains_paid_content":false,"footnotes":""},"categories":[9],"tags":[],"class_list":["post-11833","post","type-post","status-publish","format-standard","has-post-thumbnail","hentry","category-salud"],"jetpack_featured_media_url":"https:\/\/encuentroinformativo.com.mx\/wp-content\/uploads\/2021\/03\/113A9449-0930-4EFC-9EB9-60CDFF774457.jpeg","jetpack_sharing_enabled":true,"jetpack_likes_enabled":true,"amp_enabled":true,"_links":{"self":[{"href":"https:\/\/encuentroinformativo.com.mx\/index.php?rest_route=\/wp\/v2\/posts\/11833","targetHints":{"allow":["GET"]}}],"collection":[{"href":"https:\/\/encuentroinformativo.com.mx\/index.php?rest_route=\/wp\/v2\/posts"}],"about":[{"href":"https:\/\/encuentroinformativo.com.mx\/index.php?rest_route=\/wp\/v2\/types\/post"}],"author":[{"embeddable":true,"href":"https:\/\/encuentroinformativo.com.mx\/index.php?rest_route=\/wp\/v2\/users\/1"}],"replies":[{"embeddable":true,"href":"https:\/\/encuentroinformativo.com.mx\/index.php?rest_route=%2Fwp%2Fv2%2Fcomments&post=11833"}],"version-history":[{"count":1,"href":"https:\/\/encuentroinformativo.com.mx\/index.php?rest_route=\/wp\/v2\/posts\/11833\/revisions"}],"predecessor-version":[{"id":11835,"href":"https:\/\/encuentroinformativo.com.mx\/index.php?rest_route=\/wp\/v2\/posts\/11833\/revisions\/11835"}],"wp:featuredmedia":[{"embeddable":true,"href":"https:\/\/encuentroinformativo.com.mx\/index.php?rest_route=\/wp\/v2\/media\/11834"}],"wp:attachment":[{"href":"https:\/\/encuentroinformativo.com.mx\/index.php?rest_route=%2Fwp%2Fv2%2Fmedia&parent=11833"}],"wp:term":[{"taxonomy":"category","embeddable":true,"href":"https:\/\/encuentroinformativo.com.mx\/index.php?rest_route=%2Fwp%2Fv2%2Fcategories&post=11833"},{"taxonomy":"post_tag","embeddable":true,"href":"https:\/\/encuentroinformativo.com.mx\/index.php?rest_route=%2Fwp%2Fv2%2Ftags&post=11833"}],"curies":[{"name":"wp","href":"https:\/\/api.w.org\/{rel}","templated":true}]}}