{"id":11836,"date":"2021-03-10T13:49:12","date_gmt":"2021-03-10T19:49:12","guid":{"rendered":"https:\/\/encuentroinformativo.com.mx\/?p=11836"},"modified":"2021-03-10T13:51:51","modified_gmt":"2021-03-10T19:51:51","slug":"espera-david-velasco-ser-candidato-por-alianza-para-xalapa","status":"publish","type":"post","link":"https:\/\/encuentroinformativo.com.mx\/?p=11836","title":{"rendered":"Espera David Velasco ser candidato por alianza para Xalapa"},"content":{"rendered":"\n<p><strong>Juan Arcos\/Dar\u00edo Pale <\/strong><\/p>\n\n\n\n<p>Xalapa, Ver.- David Velasco Chedraui asegur\u00f3 que la dirigencia estatal de los partidos Acci\u00f3n Nacional, Revolucionario Institucional (PRI) y de la Revoluci\u00f3n Democr\u00e1tica (PRD) est\u00e1n de acuerdo en que \u00e9l sea el candidato de la alianza \u201cVeracruz Va\u201d.<\/p>\n\n\n\n<p>El empresario xalape\u00f1o acudi\u00f3 al \u00d3rgano Auxiliar de la Comisi\u00f3n Estatal de Procesos Internos, en la sede estatal del PRI, para registrarse como precandidato a la alcald\u00eda de Xalapa.<\/p>\n\n\n\n<p>En el lugar, indic\u00f3 que los presidentes del PAN, PRI y PRD en Veracruz, Joaqu\u00edn Guzm\u00e1n Avil\u00e9s, Marlon Ram\u00edrez Mar\u00edn y Sergio Cadena Mart\u00ednez, respectivamente, han externado p\u00fablicamente que la coalici\u00f3n ser\u00eda ben\u00e9fica en la capital del estado.<\/p>\n\n\n\n<p>\u201cLa alianza es ben\u00e9fica para Xalapa. Creo que es importante que se pongan bien de acuerdo las tres fuerzas, para beneficio de Xalapa y de Veracruz. Yo veo en Xalapa que la gente la pide\u201d.<\/p>\n\n\n\n<p>En ese sentido, refiri\u00f3 que la dirigencia nacional de las tres fuerzas pol\u00edticas que integran la alianza d\u00e9 el visto bueno para que \u00e9l sea el candidato en la ciudad de Xalapa.<\/p>\n\n\n\n<p>Velasco Chedraui coment\u00f3 que si no se concretara la alianza con estas fuerzas pol\u00edticas, \u00e9l continuar\u00e1 en el proceso con el PRI, un partido que se encuentra fortalecido.<\/p>\n\n\n\n<p>\u201cYo veo mucho \u00e1nimo en la militancia. Muchos priistas en la pasada contienda se fueron a MORENA y veo que est\u00e1n regresando porque hay una gran decepci\u00f3n y ven bien al Partido Revolucionario Institucional\u201d, asever\u00f3.<\/p>\n\n\n\n<p>El aspirante a la presidencia municipal de Xalapa destac\u00f3 que ser\u00e1 el pr\u00f3ximo 15 de abril cuando se defina qui\u00e9n ser\u00e1 el candidato de la alianza \u201cVeracruz Va\u201d para contender por alcald\u00eda en la capital de Veracruz.<\/p>\n\n\n\n<p>\u201cSe tienen que generar m\u00e1s obras y aqu\u00ed las autoridades tienen mucho qu\u00e9 hacer\u201d, coment\u00f3, al se\u00f1alar que la experiencia con la que cuenta permitir\u00e1 concretar un proyecto que permita mejorar las condiciones de vida de los xalape\u00f1os.<\/p>\n","protected":false},"excerpt":{"rendered":"<p>Juan Arcos\/Dar\u00edo Pale Xalapa, Ver.- David Velasco Chedraui asegur\u00f3 que la dirigencia estatal de los partidos Acci\u00f3n Nacional, Revolucionario Institucional (PRI) y de la Revoluci\u00f3n Democr\u00e1tica (PRD) est\u00e1n de acuerdo en que \u00e9l sea el candidato de la alianza \u201cVeracruz Va\u201d. El empresario xalape\u00f1o acudi\u00f3 al \u00d3rgano Auxiliar de la Comisi\u00f3n Estatal de Procesos Internos, [&hellip;]<\/p>\n","protected":false},"author":1,"featured_media":11840,"comment_status":"open","ping_status":"open","sticky":false,"template":"","format":"standard","meta":{"_jetpack_memberships_contains_paid_content":false,"footnotes":""},"categories":[3],"tags":[],"class_list":["post-11836","post","type-post","status-publish","format-standard","has-post-thumbnail","hentry","category-xalapa"],"jetpack_featured_media_url":"https:\/\/encuentroinformativo.com.mx\/wp-content\/uploads\/2021\/03\/4127110C-303F-406B-B6B5-8527C9F3A656.jpeg","jetpack_sharing_enabled":true,"jetpack_likes_enabled":true,"amp_enabled":true,"_links":{"self":[{"href":"https:\/\/encuentroinformativo.com.mx\/index.php?rest_route=\/wp\/v2\/posts\/11836","targetHints":{"allow":["GET"]}}],"collection":[{"href":"https:\/\/encuentroinformativo.com.mx\/index.php?rest_route=\/wp\/v2\/posts"}],"about":[{"href":"https:\/\/encuentroinformativo.com.mx\/index.php?rest_route=\/wp\/v2\/types\/post"}],"author":[{"embeddable":true,"href":"https:\/\/encuentroinformativo.com.mx\/index.php?rest_route=\/wp\/v2\/users\/1"}],"replies":[{"embeddable":true,"href":"https:\/\/encuentroinformativo.com.mx\/index.php?rest_route=%2Fwp%2Fv2%2Fcomments&post=11836"}],"version-history":[{"count":1,"href":"https:\/\/encuentroinformativo.com.mx\/index.php?rest_route=\/wp\/v2\/posts\/11836\/revisions"}],"predecessor-version":[{"id":11838,"href":"https:\/\/encuentroinformativo.com.mx\/index.php?rest_route=\/wp\/v2\/posts\/11836\/revisions\/11838"}],"wp:featuredmedia":[{"embeddable":true,"href":"https:\/\/encuentroinformativo.com.mx\/index.php?rest_route=\/wp\/v2\/media\/11840"}],"wp:attachment":[{"href":"https:\/\/encuentroinformativo.com.mx\/index.php?rest_route=%2Fwp%2Fv2%2Fmedia&parent=11836"}],"wp:term":[{"taxonomy":"category","embeddable":true,"href":"https:\/\/encuentroinformativo.com.mx\/index.php?rest_route=%2Fwp%2Fv2%2Fcategories&post=11836"},{"taxonomy":"post_tag","embeddable":true,"href":"https:\/\/encuentroinformativo.com.mx\/index.php?rest_route=%2Fwp%2Fv2%2Ftags&post=11836"}],"curies":[{"name":"wp","href":"https:\/\/api.w.org\/{rel}","templated":true}]}}