{"id":11844,"date":"2021-03-10T14:26:36","date_gmt":"2021-03-10T20:26:36","guid":{"rendered":"https:\/\/encuentroinformativo.com.mx\/?p=11844"},"modified":"2021-03-10T14:27:07","modified_gmt":"2021-03-10T20:27:07","slug":"xalapenos-deben-esperar-para-vacunas-covid","status":"publish","type":"post","link":"https:\/\/encuentroinformativo.com.mx\/?p=11844","title":{"rendered":"Xalape\u00f1os deben esperar para vacunas Covid"},"content":{"rendered":"\n<p><strong>Dar\u00edo Pale <\/strong><\/p>\n\n\n\n<p>Xalapa, Ver.- La vacuna anticovid a\u00fan no llegar\u00e1 a Xalapa, por lo que pidi\u00f3 tener paciencia a los adultos mayores de 60 a\u00f1os, as\u00ed lo se\u00f1al\u00f3 el\u00a0gobernador Cuitl\u00e1huac Garc\u00eda Jim\u00e9nez.<\/p>\n\n\n\n<p>En conferencia de prensa realizada en la sala de Banderas de palacio de gobierno se\u00f1al\u00f3 que,\u00a0\u201cno hay fecha, tenemos la informaci\u00f3n de la federaci\u00f3n que llegar\u00e1n vacunas y que nos preparamos para ver que ciudad ser\u00e1 la siguiente, y el n\u00famero que nos dijeron encajaba bien para la ciudad de Xalapa\u201d.<\/p>\n\n\n\n<p>Se est\u00e1 esperando un nuevo cargamento de la dosis, la cual agreg\u00f3 debe de ser grande porque se requieren ser aplicadas dos a las y los beneficiarios,\u00a0\u201cen Xalapa va a ser de acuerdo al lote que llegue, si el lote es suficiente para Xalapa se hace en Xalapa con eso garantizamos que le toquen a todos\u201d.<\/p>\n\n\n\n<p>Cuitl\u00e1huac Garc\u00eda Jim\u00e9nez, dej\u00f3 en claro que buscan que la vacuna anticovid se ponga a todo el grupo y no s\u00f3lo a unos cu\u00e1ntos, por lo que record\u00f3 es importante que se tenga un registro, el cual tomaron\u00a0como gu\u00eda.<\/p>\n\n\n\n<p>Cabe recordar que desde hace unos d\u00edas se lanz\u00f3 una plataforma de registro de los adultos que si quer\u00edan la vacuna y quienes no, aunque dej\u00f3 en claro que aunque no est\u00e9n inscritos pueden recibir la dosis.<\/p>\n\n\n\n<p>\u201cSi decidimos que se haga en Xalapa es por que tenemos el n\u00famero suficiente para que se tenga en Xalapa que son n\u00fameros mayores\u201d, se\u00f1al\u00f3.<\/p>\n\n\n\n<p>En redes sociales y en <em>Whatssap<\/em> se estuvo enviando informaci\u00f3n sobre los m\u00f3dulos en donde las personas podr\u00edan acudir a aplicarse la vacuna, la cual supuestamente iniciar\u00eda a partir de \u00e9ste jueves 11 de marzo.<\/p>\n\n\n\n<p>Sin embargo, el Ayuntamiento de Xalapa por medio de un mensaje v\u00eda <em>Facebook<\/em>, desminti\u00f3 las versiones, informando a la poblaci\u00f3n que \u201clos datos reales se publicar\u00e1n en las paginas y redes sociales oficiales\u201d.<\/p>\n\n\n\n<p>Finalmente cabe mencionar que, esta semana inici\u00f3 la vacunaci\u00f3n a personas mayores de 60 a\u00f1os en Veracruz puerto y 21 municipios m\u00e1s.<\/p>\n","protected":false},"excerpt":{"rendered":"<p>Dar\u00edo Pale Xalapa, Ver.- La vacuna anticovid a\u00fan no llegar\u00e1 a Xalapa, por lo que pidi\u00f3 tener paciencia a los adultos mayores de 60 a\u00f1os, as\u00ed lo se\u00f1al\u00f3 el\u00a0gobernador Cuitl\u00e1huac Garc\u00eda Jim\u00e9nez. En conferencia de prensa realizada en la sala de Banderas de palacio de gobierno se\u00f1al\u00f3 que,\u00a0\u201cno hay fecha, tenemos la informaci\u00f3n de la [&hellip;]<\/p>\n","protected":false},"author":1,"featured_media":10063,"comment_status":"open","ping_status":"open","sticky":false,"template":"","format":"standard","meta":{"_jetpack_memberships_contains_paid_content":false,"footnotes":""},"categories":[9],"tags":[],"class_list":["post-11844","post","type-post","status-publish","format-standard","has-post-thumbnail","hentry","category-salud"],"jetpack_featured_media_url":"https:\/\/encuentroinformativo.com.mx\/wp-content\/uploads\/2021\/01\/A1C0046A-F828-475F-B928-6FA7CCB3EA80.jpeg","jetpack_sharing_enabled":true,"jetpack_likes_enabled":true,"amp_enabled":true,"_links":{"self":[{"href":"https:\/\/encuentroinformativo.com.mx\/index.php?rest_route=\/wp\/v2\/posts\/11844","targetHints":{"allow":["GET"]}}],"collection":[{"href":"https:\/\/encuentroinformativo.com.mx\/index.php?rest_route=\/wp\/v2\/posts"}],"about":[{"href":"https:\/\/encuentroinformativo.com.mx\/index.php?rest_route=\/wp\/v2\/types\/post"}],"author":[{"embeddable":true,"href":"https:\/\/encuentroinformativo.com.mx\/index.php?rest_route=\/wp\/v2\/users\/1"}],"replies":[{"embeddable":true,"href":"https:\/\/encuentroinformativo.com.mx\/index.php?rest_route=%2Fwp%2Fv2%2Fcomments&post=11844"}],"version-history":[{"count":1,"href":"https:\/\/encuentroinformativo.com.mx\/index.php?rest_route=\/wp\/v2\/posts\/11844\/revisions"}],"predecessor-version":[{"id":11845,"href":"https:\/\/encuentroinformativo.com.mx\/index.php?rest_route=\/wp\/v2\/posts\/11844\/revisions\/11845"}],"wp:featuredmedia":[{"embeddable":true,"href":"https:\/\/encuentroinformativo.com.mx\/index.php?rest_route=\/wp\/v2\/media\/10063"}],"wp:attachment":[{"href":"https:\/\/encuentroinformativo.com.mx\/index.php?rest_route=%2Fwp%2Fv2%2Fmedia&parent=11844"}],"wp:term":[{"taxonomy":"category","embeddable":true,"href":"https:\/\/encuentroinformativo.com.mx\/index.php?rest_route=%2Fwp%2Fv2%2Fcategories&post=11844"},{"taxonomy":"post_tag","embeddable":true,"href":"https:\/\/encuentroinformativo.com.mx\/index.php?rest_route=%2Fwp%2Fv2%2Ftags&post=11844"}],"curies":[{"name":"wp","href":"https:\/\/api.w.org\/{rel}","templated":true}]}}