{"id":11865,"date":"2021-03-10T16:27:04","date_gmt":"2021-03-10T22:27:04","guid":{"rendered":"https:\/\/encuentroinformativo.com.mx\/?p=11865"},"modified":"2021-03-10T16:27:06","modified_gmt":"2021-03-10T22:27:06","slug":"casos-de-desapariciones-son-variables-brenda-ceron","status":"publish","type":"post","link":"https:\/\/encuentroinformativo.com.mx\/?p=11865","title":{"rendered":"Casos de desapariciones son variables: Brenda Cer\u00f3n"},"content":{"rendered":"\n<p><strong>Dar\u00edo Pale <\/strong><\/p>\n\n\n\n<p>Xalapa, Ver.- El joven que hab\u00eda desaparecido el pasado 9 de marzo en la avenida Am\u00e9ricas, hoy fue encontrado sin vida en La Herradura, as\u00ed lo confirmo la\u00a0titular de la Comisi\u00f3n Estatal de B\u00fasqueda, Brenda Cer\u00f3n Chagoya.<\/p>\n\n\n\n<p>Entrevistada en las calles del centro de Xalapa se\u00f1al\u00f3 que, las desapariciones son variables ya que en algunas ocasiones se incrementan en la zona norte o en la parte del centro, eso se debe a que la comisi\u00f3n ha estado teniendo una constante difusi\u00f3n de las fichas de desaparecidos en diferentes medios de comunicaci\u00f3n.<\/p>\n\n\n\n<p>Lo anterior ha logrado que la ciudadan\u00eda vincule m\u00e1s el tema de las desapariciones o incluso la misma fiscal\u00eda los canaliza para hacer una correcta vinculaci\u00f3n, y hacer una difusi\u00f3n y darle una mejor atenci\u00f3n a los reportes, en la zona centro siempre ha existido una mayor incidencia.<\/p>\n\n\n\n<p>En lo que se refiere al joven que fue localizado el d\u00eda de hoy en la Herradura se\u00f1al\u00f3 que recibieron el reporte por parte de la Polic\u00eda Municipal de Xalapa sobre algunos rasgos de la persona encontrada sin vida, de que podr\u00eda tratarse del Kurma Cerrillo C\u00f3rdoba, de 18 a\u00f1os de edad.<\/p>\n\n\n\n<p>Por ello, la Comisi\u00f3n dio aviso a los familiares del joven para que se trasladaran a la unidad de Servicios Periciales y as\u00ed se pudiera realizar la identificaci\u00f3n del cuerpo.<\/p>\n\n\n\n<p>Se\u00f1al\u00f3 que luego de que la familia confirma que el cuerpo pertenece a su familiar desaparecido, el caso se turna a la instancia correspondiente para que se haga la investigaci\u00f3n del delito, mientras que la Comisi\u00f3n tambi\u00e9n constata el hecho, para emitir ficha de localizaci\u00f3n.<\/p>\n\n\n\n<p>&#8220;Nosotros canalizamos a la instancia pertinente y ya ellos tendr\u00e1n que determinar; o sea, la familia acepta el caso, que se trata de la localizaci\u00f3n sin vida de la persona y ya nosotros nadamas corroboramos que as\u00ed sea para poder emitir la ficha&#8221;, finaliz\u00f3.<\/p>\n","protected":false},"excerpt":{"rendered":"<p>Dar\u00edo Pale Xalapa, Ver.- El joven que hab\u00eda desaparecido el pasado 9 de marzo en la avenida Am\u00e9ricas, hoy fue encontrado sin vida en La Herradura, as\u00ed lo confirmo la\u00a0titular de la Comisi\u00f3n Estatal de B\u00fasqueda, Brenda Cer\u00f3n Chagoya. Entrevistada en las calles del centro de Xalapa se\u00f1al\u00f3 que, las desapariciones son variables ya que [&hellip;]<\/p>\n","protected":false},"author":1,"featured_media":11866,"comment_status":"open","ping_status":"open","sticky":false,"template":"","format":"standard","meta":{"_jetpack_memberships_contains_paid_content":false,"footnotes":""},"categories":[2],"tags":[],"class_list":["post-11865","post","type-post","status-publish","format-standard","has-post-thumbnail","hentry","category-estado"],"jetpack_featured_media_url":"https:\/\/encuentroinformativo.com.mx\/wp-content\/uploads\/2021\/03\/999143B9-E5A2-4309-9D8F-A1A3DBC40DFC.jpeg","jetpack_sharing_enabled":true,"jetpack_likes_enabled":true,"amp_enabled":true,"_links":{"self":[{"href":"https:\/\/encuentroinformativo.com.mx\/index.php?rest_route=\/wp\/v2\/posts\/11865","targetHints":{"allow":["GET"]}}],"collection":[{"href":"https:\/\/encuentroinformativo.com.mx\/index.php?rest_route=\/wp\/v2\/posts"}],"about":[{"href":"https:\/\/encuentroinformativo.com.mx\/index.php?rest_route=\/wp\/v2\/types\/post"}],"author":[{"embeddable":true,"href":"https:\/\/encuentroinformativo.com.mx\/index.php?rest_route=\/wp\/v2\/users\/1"}],"replies":[{"embeddable":true,"href":"https:\/\/encuentroinformativo.com.mx\/index.php?rest_route=%2Fwp%2Fv2%2Fcomments&post=11865"}],"version-history":[{"count":1,"href":"https:\/\/encuentroinformativo.com.mx\/index.php?rest_route=\/wp\/v2\/posts\/11865\/revisions"}],"predecessor-version":[{"id":11867,"href":"https:\/\/encuentroinformativo.com.mx\/index.php?rest_route=\/wp\/v2\/posts\/11865\/revisions\/11867"}],"wp:featuredmedia":[{"embeddable":true,"href":"https:\/\/encuentroinformativo.com.mx\/index.php?rest_route=\/wp\/v2\/media\/11866"}],"wp:attachment":[{"href":"https:\/\/encuentroinformativo.com.mx\/index.php?rest_route=%2Fwp%2Fv2%2Fmedia&parent=11865"}],"wp:term":[{"taxonomy":"category","embeddable":true,"href":"https:\/\/encuentroinformativo.com.mx\/index.php?rest_route=%2Fwp%2Fv2%2Fcategories&post=11865"},{"taxonomy":"post_tag","embeddable":true,"href":"https:\/\/encuentroinformativo.com.mx\/index.php?rest_route=%2Fwp%2Fv2%2Ftags&post=11865"}],"curies":[{"name":"wp","href":"https:\/\/api.w.org\/{rel}","templated":true}]}}