{"id":11868,"date":"2021-03-10T16:40:03","date_gmt":"2021-03-10T22:40:03","guid":{"rendered":"https:\/\/encuentroinformativo.com.mx\/?p=11868"},"modified":"2021-03-10T16:40:05","modified_gmt":"2021-03-10T22:40:05","slug":"citan-feministas-al-alcalde-de-veracruz-para-dialogar-sobre-antimonumenta","status":"publish","type":"post","link":"https:\/\/encuentroinformativo.com.mx\/?p=11868","title":{"rendered":"Citan feministas al alcalde de Veracruz para dialogar sobre antimonumenta"},"content":{"rendered":"\n<p><strong>Alejandro \u00c1vila<\/strong><\/p>\n\n\n\n<p>Veracruz, Ver.- Las jovenes que colocaron el Antimonumenta el pasado lunes en la Plaza de la Soberan\u00eda, enviaron un documento al alcalde de Veracruz, Fernando Yunes M\u00e1rquez, para dialogar sobre el cambio de sede de la edificaci\u00f3n.<\/p>\n\n\n\n<p>Las jovenes invitan al edil panista a reunirse con ellas el s\u00e1bado 13 de marzo a las 16 horas justo en el lugar donde est\u00e1 edificado el monumento que recuerda el penoso segundo lugar nacional en feminicidios que tiene el Estado de Veracruz.<\/p>\n\n\n\n<p>\u201cLe tomamos la palabra para plantear soluciones&nbsp; a nuestra problem\u00e1tica, que como ciudadanas del municipio que usted gobierna, vivimos cada d\u00eda; y convocamos a reunirnos directamente y en persona,&nbsp; respetando todas las medidas sanitarias el d\u00eda s\u00e1bado 13 de Marzo, en la Plaza de la Soberan\u00eda, frente a la ANTIMONUMENTA a las 16:00 horas\u201d, menciona el documento.<\/p>\n\n\n\n<p>Las mujeres se\u00f1alaron que la intenci\u00f3n de colocar una Antimonumenta, es como materializaci\u00f3n de la memoria colectiva a las v\u00edctimas de feminicidio y desaparecidas en el Estado, s\u00edmbolo de ausencia de ley,&nbsp; de resistencia a la violencia machista, y&nbsp; del derecho a la verdad, justicia y reparaci\u00f3n de las familias, y a la memoria y dignidad de las v\u00edctimas directas, teniendo en cuenta las altas cifras de feminicidios en la entidad.<\/p>\n\n\n\n<p>Las feministas indicaron que las mujeres son y hacen patria, por ello, se eligi\u00f3 ese espacio, la Plaza de la Soberan\u00eda, como una forma de protesta pac\u00edfica para defender y exigir que se lleven acciones necesarias para garantizar el derecho a vivir una vida libre de violencias.<\/p>\n\n\n\n<p>Es por eso que&nbsp; la Antimonumenta est\u00e1 en la plaza c\u00edvica m\u00e1s representativa del Puerto, y por ello consideran que debe ser un recordatorio a su dignidad y su nombre.<\/p>\n\n\n\n<p>Es por ello que piden que la Antimonumenta sea colocada en un lugar importante como el bulevar Manuel Avila Camacho, un espacio de los m\u00e1s representativos que recorrido por turistas y locales.<\/p>\n","protected":false},"excerpt":{"rendered":"<p>Alejandro \u00c1vila Veracruz, Ver.- Las jovenes que colocaron el Antimonumenta el pasado lunes en la Plaza de la Soberan\u00eda, enviaron un documento al alcalde de Veracruz, Fernando Yunes M\u00e1rquez, para dialogar sobre el cambio de sede de la edificaci\u00f3n. Las jovenes invitan al edil panista a reunirse con ellas el s\u00e1bado 13 de marzo a [&hellip;]<\/p>\n","protected":false},"author":1,"featured_media":11869,"comment_status":"open","ping_status":"open","sticky":false,"template":"","format":"standard","meta":{"_jetpack_memberships_contains_paid_content":false,"footnotes":""},"categories":[2],"tags":[],"class_list":["post-11868","post","type-post","status-publish","format-standard","has-post-thumbnail","hentry","category-estado"],"jetpack_featured_media_url":"https:\/\/encuentroinformativo.com.mx\/wp-content\/uploads\/2021\/03\/158463B1-AB83-4CBE-8893-C8843A06AB7D.jpeg","jetpack_sharing_enabled":true,"jetpack_likes_enabled":true,"amp_enabled":true,"_links":{"self":[{"href":"https:\/\/encuentroinformativo.com.mx\/index.php?rest_route=\/wp\/v2\/posts\/11868","targetHints":{"allow":["GET"]}}],"collection":[{"href":"https:\/\/encuentroinformativo.com.mx\/index.php?rest_route=\/wp\/v2\/posts"}],"about":[{"href":"https:\/\/encuentroinformativo.com.mx\/index.php?rest_route=\/wp\/v2\/types\/post"}],"author":[{"embeddable":true,"href":"https:\/\/encuentroinformativo.com.mx\/index.php?rest_route=\/wp\/v2\/users\/1"}],"replies":[{"embeddable":true,"href":"https:\/\/encuentroinformativo.com.mx\/index.php?rest_route=%2Fwp%2Fv2%2Fcomments&post=11868"}],"version-history":[{"count":1,"href":"https:\/\/encuentroinformativo.com.mx\/index.php?rest_route=\/wp\/v2\/posts\/11868\/revisions"}],"predecessor-version":[{"id":11870,"href":"https:\/\/encuentroinformativo.com.mx\/index.php?rest_route=\/wp\/v2\/posts\/11868\/revisions\/11870"}],"wp:featuredmedia":[{"embeddable":true,"href":"https:\/\/encuentroinformativo.com.mx\/index.php?rest_route=\/wp\/v2\/media\/11869"}],"wp:attachment":[{"href":"https:\/\/encuentroinformativo.com.mx\/index.php?rest_route=%2Fwp%2Fv2%2Fmedia&parent=11868"}],"wp:term":[{"taxonomy":"category","embeddable":true,"href":"https:\/\/encuentroinformativo.com.mx\/index.php?rest_route=%2Fwp%2Fv2%2Fcategories&post=11868"},{"taxonomy":"post_tag","embeddable":true,"href":"https:\/\/encuentroinformativo.com.mx\/index.php?rest_route=%2Fwp%2Fv2%2Ftags&post=11868"}],"curies":[{"name":"wp","href":"https:\/\/api.w.org\/{rel}","templated":true}]}}