{"id":1187,"date":"2020-03-23T13:35:07","date_gmt":"2020-03-23T19:35:07","guid":{"rendered":"https:\/\/encuentroinformativo.com\/?p=1187"},"modified":"2020-03-23T13:35:09","modified_gmt":"2020-03-23T19:35:09","slug":"disminuyen-corridas-de-transportes-de-banderilla","status":"publish","type":"post","link":"https:\/\/encuentroinformativo.com.mx\/?p=1187","title":{"rendered":"Disminuyen corridas de transportes de Banderilla"},"content":{"rendered":"\n<p><strong>Juan Arcos <\/strong><\/p>\n\n\n\n<p>Xalapa, Ver.- La l\u00ednea de autobuses Autotransportes Banderilla (ATB) podr\u00eda suspender algunas corridas en la regi\u00f3n de Xalapa.<\/p>\n\n\n\n<p>De acuerdo con el gerente de la empresa ATB, \u00d3scar Gonzalo Huerta Lecona, se est\u00e1n tomando medidas por la contingencia sanitaria del coronavirus.<\/p>\n\n\n\n<p>Esta l\u00ednea de camiones tiene una cobertura de 22 municipios circunvecinos.<\/p>\n\n\n\n<p>Adem\u00e1s, estas unidades transportan a m\u00e1s de 200 mil personas al d\u00eda.<\/p>\n\n\n\n<p>Por ello, para evitar el contagio del COVID-19 se prev\u00e9 una reducci\u00f3n en las corridas.<\/p>\n\n\n\n<p>\u201cEn la ruta for\u00e1nea tenemos 107 autobuses laborando que cubren las comunidades for\u00e1neas suburbanas de Xalapa y de 22 municipios. Si decret\u00e1ramos una suspensi\u00f3n total, much\u00edsima gente que viene a trabajar o vender sus productos habr\u00e1 afectaci\u00f3n\u201d.<\/p>\n\n\n\n<p>En ese sentido, el entrevistado mencion\u00f3 que si en la ruta Xalapa-Naolinco hay 15 corridas al d\u00eda, \u00e9stas podr\u00edan disminuir a 12 o 13.<\/p>\n\n\n\n<p>Lo anterior depender\u00e1 de la demanda del pasaje a partir de este lunes 23 de marzo, toda vez que la recomendaci\u00f3n del Sector Salud es que la gente no salga de sus viviendas.<\/p>\n\n\n\n<p>Cabe mencionar que al interior de la capital del estado circulan 160 autobuses de ATB, siendo la segunda l\u00ednea de autobuses m\u00e1s grande de la ciudad.<\/p>\n\n\n\n<p><\/p>\n","protected":false},"excerpt":{"rendered":"<p>Juan Arcos Xalapa, Ver.- La l\u00ednea de autobuses Autotransportes Banderilla (ATB) podr\u00eda suspender algunas corridas en la regi\u00f3n de Xalapa. De acuerdo con el gerente de la empresa ATB, \u00d3scar Gonzalo Huerta Lecona, se est\u00e1n tomando medidas por la contingencia sanitaria del coronavirus. Esta l\u00ednea de camiones tiene una cobertura de 22 municipios circunvecinos. Adem\u00e1s, [&hellip;]<\/p>\n","protected":false},"author":1,"featured_media":1188,"comment_status":"open","ping_status":"open","sticky":false,"template":"","format":"standard","meta":{"_jetpack_memberships_contains_paid_content":false,"footnotes":""},"categories":[8],"tags":[],"class_list":["post-1187","post","type-post","status-publish","format-standard","has-post-thumbnail","hentry","category-region"],"jetpack_featured_media_url":"https:\/\/encuentroinformativo.com.mx\/wp-content\/uploads\/2020\/03\/94F5F6F1-7CB0-4D14-8921-3575B77C4AD7.jpeg","jetpack_sharing_enabled":true,"jetpack_likes_enabled":true,"amp_enabled":true,"_links":{"self":[{"href":"https:\/\/encuentroinformativo.com.mx\/index.php?rest_route=\/wp\/v2\/posts\/1187","targetHints":{"allow":["GET"]}}],"collection":[{"href":"https:\/\/encuentroinformativo.com.mx\/index.php?rest_route=\/wp\/v2\/posts"}],"about":[{"href":"https:\/\/encuentroinformativo.com.mx\/index.php?rest_route=\/wp\/v2\/types\/post"}],"author":[{"embeddable":true,"href":"https:\/\/encuentroinformativo.com.mx\/index.php?rest_route=\/wp\/v2\/users\/1"}],"replies":[{"embeddable":true,"href":"https:\/\/encuentroinformativo.com.mx\/index.php?rest_route=%2Fwp%2Fv2%2Fcomments&post=1187"}],"version-history":[{"count":1,"href":"https:\/\/encuentroinformativo.com.mx\/index.php?rest_route=\/wp\/v2\/posts\/1187\/revisions"}],"predecessor-version":[{"id":1189,"href":"https:\/\/encuentroinformativo.com.mx\/index.php?rest_route=\/wp\/v2\/posts\/1187\/revisions\/1189"}],"wp:featuredmedia":[{"embeddable":true,"href":"https:\/\/encuentroinformativo.com.mx\/index.php?rest_route=\/wp\/v2\/media\/1188"}],"wp:attachment":[{"href":"https:\/\/encuentroinformativo.com.mx\/index.php?rest_route=%2Fwp%2Fv2%2Fmedia&parent=1187"}],"wp:term":[{"taxonomy":"category","embeddable":true,"href":"https:\/\/encuentroinformativo.com.mx\/index.php?rest_route=%2Fwp%2Fv2%2Fcategories&post=1187"},{"taxonomy":"post_tag","embeddable":true,"href":"https:\/\/encuentroinformativo.com.mx\/index.php?rest_route=%2Fwp%2Fv2%2Ftags&post=1187"}],"curies":[{"name":"wp","href":"https:\/\/api.w.org\/{rel}","templated":true}]}}