{"id":11871,"date":"2021-03-11T09:28:12","date_gmt":"2021-03-11T15:28:12","guid":{"rendered":"https:\/\/encuentroinformativo.com.mx\/?p=11871"},"modified":"2021-03-11T09:28:15","modified_gmt":"2021-03-11T15:28:15","slug":"reconocido-academico-uv-asume-el-comite-del-pes-en-miahuatlan","status":"publish","type":"post","link":"https:\/\/encuentroinformativo.com.mx\/?p=11871","title":{"rendered":"Reconocido acad\u00e9mico UV asume el Comit\u00e9 del PES en Miahuatl\u00e1n"},"content":{"rendered":"\n<p><strong>*Le toman protesta al Dr. Evodio Mu\u00f1oz Aguirre, directivos de Encuentro Solidario en la entidad.<\/strong><\/p>\n\n\n\n<p>Miahuatl\u00e1n, Ver.- Gonzalo Gu\u00edzar Valladares, Juan Montan\u00e9 y Juan Carlos Olvera Francisco a nombre del Comit\u00e9 Directivo Estatal, encabezaron la Toma de Protesta del doctor Evodio Mu\u00f1oz Aguirre, al frente del Comit\u00e9 Municipal del PES en este lugar de la Sierra de Misantla.<\/p>\n\n\n\n<p>En una sencilla pero emotiva ceremonia, Mu\u00f1oz Aguirre asumi\u00f3 las riendas del Partido Encuentro Solidario en este lugar y asumi\u00f3 el reto de encabezar una agenda ciudadana que recomponga el tejido social de Miahuatl\u00e1n.<\/p>\n\n\n\n<p>Se trata de un egresado de la licenciatura en Matem\u00e1ticas por la UV, con maestr\u00eda y doctorado por la BUAP, catedr\u00e1tico galardonado y candidato a investigador por el Sistema Nacional de Investigadores (SNI).<\/p>\n\n\n\n<p>Evodio Mu\u00f1oz Aguirre, adem\u00e1s de ser un acad\u00e9mico ampliamente reconocido en la comunidad universitaria de Veracruz, es un personaje plenamente identificado en las trece comunidades que conforman Miahuatl\u00e1n; por lo que decidi\u00f3 encabezar los esfuerzos pol\u00edticos del PES en este municipio.<\/p>\n\n\n\n<p>Al evento asisti\u00f3 tambi\u00e9n el presidente del Comit\u00e9 Directivo Municipal del PES en Naolinco, Alfredo Guevara Meza, el operador pol\u00edtico Horacio Landa y el vice coordinador distrital del PES en Xalapa, Alberto Rosendo.<\/p>\n","protected":false},"excerpt":{"rendered":"<p>*Le toman protesta al Dr. Evodio Mu\u00f1oz Aguirre, directivos de Encuentro Solidario en la entidad. Miahuatl\u00e1n, Ver.- Gonzalo Gu\u00edzar Valladares, Juan Montan\u00e9 y Juan Carlos Olvera Francisco a nombre del Comit\u00e9 Directivo Estatal, encabezaron la Toma de Protesta del doctor Evodio Mu\u00f1oz Aguirre, al frente del Comit\u00e9 Municipal del PES en este lugar de la [&hellip;]<\/p>\n","protected":false},"author":1,"featured_media":11872,"comment_status":"open","ping_status":"open","sticky":false,"template":"","format":"standard","meta":{"_jetpack_memberships_contains_paid_content":false,"footnotes":""},"categories":[2],"tags":[],"class_list":["post-11871","post","type-post","status-publish","format-standard","has-post-thumbnail","hentry","category-estado"],"jetpack_featured_media_url":"https:\/\/encuentroinformativo.com.mx\/wp-content\/uploads\/2021\/03\/0829A9DF-725A-4A77-875E-A1FF1C63A1DB.jpeg","jetpack_sharing_enabled":true,"jetpack_likes_enabled":true,"amp_enabled":true,"_links":{"self":[{"href":"https:\/\/encuentroinformativo.com.mx\/index.php?rest_route=\/wp\/v2\/posts\/11871","targetHints":{"allow":["GET"]}}],"collection":[{"href":"https:\/\/encuentroinformativo.com.mx\/index.php?rest_route=\/wp\/v2\/posts"}],"about":[{"href":"https:\/\/encuentroinformativo.com.mx\/index.php?rest_route=\/wp\/v2\/types\/post"}],"author":[{"embeddable":true,"href":"https:\/\/encuentroinformativo.com.mx\/index.php?rest_route=\/wp\/v2\/users\/1"}],"replies":[{"embeddable":true,"href":"https:\/\/encuentroinformativo.com.mx\/index.php?rest_route=%2Fwp%2Fv2%2Fcomments&post=11871"}],"version-history":[{"count":1,"href":"https:\/\/encuentroinformativo.com.mx\/index.php?rest_route=\/wp\/v2\/posts\/11871\/revisions"}],"predecessor-version":[{"id":11873,"href":"https:\/\/encuentroinformativo.com.mx\/index.php?rest_route=\/wp\/v2\/posts\/11871\/revisions\/11873"}],"wp:featuredmedia":[{"embeddable":true,"href":"https:\/\/encuentroinformativo.com.mx\/index.php?rest_route=\/wp\/v2\/media\/11872"}],"wp:attachment":[{"href":"https:\/\/encuentroinformativo.com.mx\/index.php?rest_route=%2Fwp%2Fv2%2Fmedia&parent=11871"}],"wp:term":[{"taxonomy":"category","embeddable":true,"href":"https:\/\/encuentroinformativo.com.mx\/index.php?rest_route=%2Fwp%2Fv2%2Fcategories&post=11871"},{"taxonomy":"post_tag","embeddable":true,"href":"https:\/\/encuentroinformativo.com.mx\/index.php?rest_route=%2Fwp%2Fv2%2Ftags&post=11871"}],"curies":[{"name":"wp","href":"https:\/\/api.w.org\/{rel}","templated":true}]}}