{"id":11879,"date":"2021-03-11T12:28:21","date_gmt":"2021-03-11T18:28:21","guid":{"rendered":"https:\/\/encuentroinformativo.com.mx\/?p=11879"},"modified":"2021-03-11T12:28:24","modified_gmt":"2021-03-11T18:28:24","slug":"legisladores-promueven-sacrificio-de-animales-acusa-activista","status":"publish","type":"post","link":"https:\/\/encuentroinformativo.com.mx\/?p=11879","title":{"rendered":"Legisladores promueven sacrificio de animales, acusa activista"},"content":{"rendered":"\n<p><strong>Juan Arcos <\/strong><\/p>\n\n\n\n<p>Xalapa, Ver.- La animalista de Proyecto Arpa, Lourdes Jim\u00e9nez Mora, denunci\u00f3 que el Congreso del Estado pretende realizar reformas al C\u00f3digo Penal para el sacrifico de animales en Veracruz.<\/p>\n\n\n\n<p>La defensora de los animales record\u00f3 que en marzo de 2019, la diputada local Nora Lagunes, en Coordinacion con el entonces titular de la Fiscal\u00eda Especializada para Atenci\u00f3n de Delitos Ambientales y Contra los Animales (Fedayca), Andr\u00e9s de la Parra, present\u00f3 una iniciativa para modificar el C\u00f3digo Penal, misma que atentaba contra los derechos de los animales.<\/p>\n\n\n\n<p>\u201cHab\u00eda una modificaci\u00f3n muy grave que se pretend\u00eda hacer al c\u00f3digo penal, pero tambi\u00e9n hab\u00eda otras modificaciones que causaron que los m\u00e9dicos veterinarios se manifestaran en contra, se hizo todo un esc\u00e1ndalo por las asociaciones de m\u00e9dicos veterinarios y lograron frenar el dictamen de la iniciativa porque estaban siendo criminalizados. La iniciativa se qued\u00f3 en la comisi\u00f3n\u201d.<\/p>\n\n\n\n<p>Sin embargo, el pasado 27 de enero, la Comisi\u00f3n de Medio Ambiente del Congreso local, presidida por la diputada Margarita Corro, present\u00f3 un dictamen de la misma iniciativa, para adicionar al C\u00f3digo Penal un p\u00e1rrafo que establece \u201cmatar\u201d a los animales.<\/p>\n\n\n\n<p>\u201cEn ese dictamen han borrado todo lo que podr\u00eda haber ayudado a los animales y rescatan cosas que no tienen un cambio significativo en la ley, pero le adicionan al c\u00f3digo penal un p\u00e1rrafo donde dice textual que cuando los animales entren en conflicto con los humanos o representen una amenaza podr\u00e1n tomarse las medidas necesarias para contenerla y ah\u00ed mismo hablan de que puede ser reducida su poblaci\u00f3n, \u00bfqu\u00e9 est\u00e1n diciendo?: vamos a matar animales si entran en conflicto con los humanos\u201d.<\/p>\n\n\n\n<p>La entrevistada consider\u00f3 que dicha situaci\u00f3n representa un retroceso en la sociedad, toda vez que se promueve la realizaci\u00f3n de redadas y la matanza de animales en situaci\u00f3n de calle, para poder tener un control al respecto.<\/p>\n\n\n\n<p>\u201cDesconocemos qu\u00e9 est\u00e1 motivando a la diputada Corro a retomar la peor parte de la iniciativa de la diputada Nora. Es una de las cosas que, en su momento, presentan los panistas Nora y Andr\u00e9s de la Parra porque ten\u00edan que justificar lo que hab\u00eda pasado en Veracruz, cuando hicieron la matanza de los gatos en el parque ecol\u00f3gico\u201d.<\/p>\n\n\n\n<p>Jim\u00e9nez Mora indic\u00f3 que grupos animalistas est\u00e1n alzando la voz y se han acercado al Congreso local para conocer la intenci\u00f3n de realizar dicha modificaci\u00f3n al C\u00f3digo Penal.<\/p>\n\n\n\n<p>\u201cLa ley por s\u00ed sola tiene mecanismos muy importantes que si se aplicaran no tendr\u00edamos ning\u00fan problema de sobrepoblaci\u00f3n de animales, no tendr\u00edamos problemas de natalidad excesiva en algunos lugares, no tendr\u00edamos problema de maltrato porque la ley contempla esterilizaciones, educaci\u00f3n, aplicaci\u00f3n de sanciones, nada de eso se hace\u201d, enfatiz\u00f3.<\/p>\n","protected":false},"excerpt":{"rendered":"<p>Juan Arcos Xalapa, Ver.- La animalista de Proyecto Arpa, Lourdes Jim\u00e9nez Mora, denunci\u00f3 que el Congreso del Estado pretende realizar reformas al C\u00f3digo Penal para el sacrifico de animales en Veracruz. La defensora de los animales record\u00f3 que en marzo de 2019, la diputada local Nora Lagunes, en Coordinacion con el entonces titular de la [&hellip;]<\/p>\n","protected":false},"author":1,"featured_media":11880,"comment_status":"open","ping_status":"open","sticky":false,"template":"","format":"standard","meta":{"_jetpack_memberships_contains_paid_content":false,"footnotes":""},"categories":[3],"tags":[],"class_list":["post-11879","post","type-post","status-publish","format-standard","has-post-thumbnail","hentry","category-xalapa"],"jetpack_featured_media_url":"https:\/\/encuentroinformativo.com.mx\/wp-content\/uploads\/2021\/03\/736BAA29-DF8C-4667-BCB7-3C4B3DFFA09C.jpeg","jetpack_sharing_enabled":true,"jetpack_likes_enabled":true,"amp_enabled":true,"_links":{"self":[{"href":"https:\/\/encuentroinformativo.com.mx\/index.php?rest_route=\/wp\/v2\/posts\/11879","targetHints":{"allow":["GET"]}}],"collection":[{"href":"https:\/\/encuentroinformativo.com.mx\/index.php?rest_route=\/wp\/v2\/posts"}],"about":[{"href":"https:\/\/encuentroinformativo.com.mx\/index.php?rest_route=\/wp\/v2\/types\/post"}],"author":[{"embeddable":true,"href":"https:\/\/encuentroinformativo.com.mx\/index.php?rest_route=\/wp\/v2\/users\/1"}],"replies":[{"embeddable":true,"href":"https:\/\/encuentroinformativo.com.mx\/index.php?rest_route=%2Fwp%2Fv2%2Fcomments&post=11879"}],"version-history":[{"count":1,"href":"https:\/\/encuentroinformativo.com.mx\/index.php?rest_route=\/wp\/v2\/posts\/11879\/revisions"}],"predecessor-version":[{"id":11881,"href":"https:\/\/encuentroinformativo.com.mx\/index.php?rest_route=\/wp\/v2\/posts\/11879\/revisions\/11881"}],"wp:featuredmedia":[{"embeddable":true,"href":"https:\/\/encuentroinformativo.com.mx\/index.php?rest_route=\/wp\/v2\/media\/11880"}],"wp:attachment":[{"href":"https:\/\/encuentroinformativo.com.mx\/index.php?rest_route=%2Fwp%2Fv2%2Fmedia&parent=11879"}],"wp:term":[{"taxonomy":"category","embeddable":true,"href":"https:\/\/encuentroinformativo.com.mx\/index.php?rest_route=%2Fwp%2Fv2%2Fcategories&post=11879"},{"taxonomy":"post_tag","embeddable":true,"href":"https:\/\/encuentroinformativo.com.mx\/index.php?rest_route=%2Fwp%2Fv2%2Ftags&post=11879"}],"curies":[{"name":"wp","href":"https:\/\/api.w.org\/{rel}","templated":true}]}}