{"id":11882,"date":"2021-03-11T13:12:49","date_gmt":"2021-03-11T19:12:49","guid":{"rendered":"https:\/\/encuentroinformativo.com.mx\/?p=11882"},"modified":"2021-03-11T13:12:52","modified_gmt":"2021-03-11T19:12:52","slug":"incrementa-numero-de-atenciones-en-la-ceapp","status":"publish","type":"post","link":"https:\/\/encuentroinformativo.com.mx\/?p=11882","title":{"rendered":"Incrementa n\u00famero de atenciones en la CEAPP"},"content":{"rendered":"\n<p><\/p>\n\n\n\n<p><strong>Dar\u00edo Pale <\/strong><\/p>\n\n\n\n<p>Xalapa, Ver.- En estos dos meses ha habido mucho m\u00e1s acercamiento a los compa\u00f1eros reporteros, con la finalidad de que se conozcan las atribuciones de la Comisi\u00f3n y en ese sentido es que los n\u00fameros de atenciones se han incrementado, as\u00ed lo se\u00f1al\u00f3\u00a0el secretario ejecutivo del organismo, Israel Hern\u00e1ndez.<\/p>\n\n\n\n<p>En conferencia de prensa realizada en conocido hotel de Zaragoza dio a conocer que,\u00a0&#8220;hemos intentado ser mucho m\u00e1s abiertos, rigurosos y profesionales en la valoraci\u00f3n de cada caso. De estas 48 intervenciones puedo mencionar que por lo menos 30 tienen que ver a situaciones de riesgo vinculadas al ejercicio period\u00edstico, tanto amenazas, hostigamientos, restricciones a la libertad de expresi\u00f3n&#8221;.<\/p>\n\n\n\n<p>&#8220;El resto, las 18, tambi\u00e9n est\u00e1n vinculadas a las solicitudes de los colegas periodistas al fondo de ayuda social, tanto por temas de Covid, de salud, y gestiones que hemos realizado ante la Secretar\u00eda de Salud, el IMSS, el ISSSTE&#8221;, agreg\u00f3.<\/p>\n\n\n\n<p>Sostuvo que la Comisi\u00f3n funcionar\u00e1 mejor en la medida de que los colegas est\u00e9n informados y comprendan cu\u00e1les son los alcances de la Comisi\u00f3n, en d\u00f3nde pueden intervenir y d\u00f3nde no, por lo que este d\u00eda la CEAPP llev\u00f3 a cabo la presentaci\u00f3n del inicio de los trabajos del &#8220;Diagn\u00f3stico sobre las condiciones de la libertad de expresi\u00f3n en Veracruz&#8221;, iniciativa que fue planteada por los integrantes del organismo aut\u00f3nomo.<\/p>\n\n\n\n<p>Silverio Quevedo, presidente de la Comisi\u00f3n, quien coment\u00f3 que desde la llegada de los nuevos integrantes se dieron cuenta que la CEAPP no ten\u00eda en sus registros un aproximado del n\u00famero de comunicadores que ejercen la noble profesi\u00f3n y mucho menos se ten\u00edan identificadas sus caracter\u00edsticas, sus perfiles y las condiciones en la que ejercen la labor informativa.<\/p>\n\n\n\n<p>\u201cEs por ello que, en un ejercicio sin precedentes, el pleno de la CEAPP acord\u00f3 integrar un diagn\u00f3stico que permitiera tener claridad, con rigurosidad t\u00e9cnica y metodol\u00f3gica, sobre las formas en la que se ejerce el periodismo en Veracruz, esto con el objetivo a corto plazo de trazar una ruta de acci\u00f3n enfocada en las tareas de atender y proteger la integridad de los reporteros, fot\u00f3grafos camar\u00f3grafos, editores, columnistas, caricaturistas y comunicadores del Estado&#8221;, coment\u00f3.<\/p>\n\n\n\n<p>Destac\u00f3 que esas 48 intervenciones han sido en m\u00e1s de 20 municipios de Veracruz, adem\u00e1s de 8 reuniones grupales en diferentes regiones del norte, centro y sur, as\u00ed como de las jornadas de trabajo que han sostenido con instituciones como la Secretar\u00eda de Seguridad P\u00fablica del Estado, la Fuerza Civil, la Fiscal\u00eda General del Estado, la Comisi\u00f3n Estatal de Derechos Humanos, la Comisi\u00f3n Ejecutiva Estatal para la Atenci\u00f3n Integral a V\u00edctimas, el Instituto Veracruzano de Acceso a la Informaci\u00f3n, entre otros.<\/p>\n\n\n\n<p>Finamente, expuso que el diagn\u00f3stico que este d\u00eda inicia, ser\u00e1n la pauta para integrar un plan de trabajo que atienda las problem\u00e1ticas de los periodistas, pero adem\u00e1s, que dar\u00e1 certeza a la labor del organismo aut\u00f3nomo, por lo que el\u00a0diagn\u00f3stico se llevar\u00e1 a cabo junto con la Universidad Veracruzana, a trav\u00e9s de la Facultad de Ciencias Sociales y Administrativas.<\/p>\n","protected":false},"excerpt":{"rendered":"<p>Dar\u00edo Pale Xalapa, Ver.- En estos dos meses ha habido mucho m\u00e1s acercamiento a los compa\u00f1eros reporteros, con la finalidad de que se conozcan las atribuciones de la Comisi\u00f3n y en ese sentido es que los n\u00fameros de atenciones se han incrementado, as\u00ed lo se\u00f1al\u00f3\u00a0el secretario ejecutivo del organismo, Israel Hern\u00e1ndez. En conferencia de prensa [&hellip;]<\/p>\n","protected":false},"author":1,"featured_media":11883,"comment_status":"open","ping_status":"open","sticky":false,"template":"","format":"standard","meta":{"_jetpack_memberships_contains_paid_content":false,"footnotes":""},"categories":[3],"tags":[],"class_list":["post-11882","post","type-post","status-publish","format-standard","has-post-thumbnail","hentry","category-xalapa"],"jetpack_featured_media_url":"https:\/\/encuentroinformativo.com.mx\/wp-content\/uploads\/2021\/03\/4990D6A3-33A7-413F-8D3C-0BFC5605C99F.jpeg","jetpack_sharing_enabled":true,"jetpack_likes_enabled":true,"amp_enabled":true,"_links":{"self":[{"href":"https:\/\/encuentroinformativo.com.mx\/index.php?rest_route=\/wp\/v2\/posts\/11882","targetHints":{"allow":["GET"]}}],"collection":[{"href":"https:\/\/encuentroinformativo.com.mx\/index.php?rest_route=\/wp\/v2\/posts"}],"about":[{"href":"https:\/\/encuentroinformativo.com.mx\/index.php?rest_route=\/wp\/v2\/types\/post"}],"author":[{"embeddable":true,"href":"https:\/\/encuentroinformativo.com.mx\/index.php?rest_route=\/wp\/v2\/users\/1"}],"replies":[{"embeddable":true,"href":"https:\/\/encuentroinformativo.com.mx\/index.php?rest_route=%2Fwp%2Fv2%2Fcomments&post=11882"}],"version-history":[{"count":1,"href":"https:\/\/encuentroinformativo.com.mx\/index.php?rest_route=\/wp\/v2\/posts\/11882\/revisions"}],"predecessor-version":[{"id":11884,"href":"https:\/\/encuentroinformativo.com.mx\/index.php?rest_route=\/wp\/v2\/posts\/11882\/revisions\/11884"}],"wp:featuredmedia":[{"embeddable":true,"href":"https:\/\/encuentroinformativo.com.mx\/index.php?rest_route=\/wp\/v2\/media\/11883"}],"wp:attachment":[{"href":"https:\/\/encuentroinformativo.com.mx\/index.php?rest_route=%2Fwp%2Fv2%2Fmedia&parent=11882"}],"wp:term":[{"taxonomy":"category","embeddable":true,"href":"https:\/\/encuentroinformativo.com.mx\/index.php?rest_route=%2Fwp%2Fv2%2Fcategories&post=11882"},{"taxonomy":"post_tag","embeddable":true,"href":"https:\/\/encuentroinformativo.com.mx\/index.php?rest_route=%2Fwp%2Fv2%2Ftags&post=11882"}],"curies":[{"name":"wp","href":"https:\/\/api.w.org\/{rel}","templated":true}]}}