{"id":11888,"date":"2021-03-11T13:48:03","date_gmt":"2021-03-11T19:48:03","guid":{"rendered":"https:\/\/encuentroinformativo.com.mx\/?p=11888"},"modified":"2021-03-11T13:48:06","modified_gmt":"2021-03-11T19:48:06","slug":"en-xalapa-escuela-normal-sera-sede-para-aplicacion-de-vacunas","status":"publish","type":"post","link":"https:\/\/encuentroinformativo.com.mx\/?p=11888","title":{"rendered":"En Xalapa, escuela Normal ser\u00e1 sede para aplicaci\u00f3n de vacunas"},"content":{"rendered":"\n<p><strong>Dar\u00edo Pale<\/strong><\/p>\n\n\n\n<p>Xalapa, Ver.- Para la vacunaci\u00f3n de las personas mayores la Benem\u00e9rita\u00a0escuela Normal Veracruzana \u201cEnrique C. Rebsamen\u201d dio a conocer qu\u00e9 ser\u00e1n sede para la aplicaci\u00f3n anticovid que realizar\u00e1n en Xalapa.<\/p>\n\n\n\n<p>A trav\u00e9s  de sus redes sociales informaron a su comunidad que ya tienen todo listo para que las personas adultas a 60 a\u00f1os puedan acudir a ponerse la dosis, para lo cual colocaron sillas en la explanada del plantel.<\/p>\n\n\n\n<p>\u201cLa instituci\u00f3n recibir\u00e1 al personal del sector salud, del Bienestar y del Ejercito Mexicano para dar inicio con la vacunaci\u00f3n de adultos mayores contra la COVID-19\u201d, dice en su mensaje.<\/p>\n\n\n\n<p>El gobernador de Veracruz, Cuitl\u00e1huac Garc\u00eda Jim\u00e9nez,\u00a0 inform\u00f3 que en breve, Xalapa podr\u00eda estar recibiendo las dosis contra el coronavirus para aplicarla a adultos mayores.<\/p>\n\n\n\n<p>Agreg\u00f3 que se espera un lote grande de vacunas para poder aplicarlas, en caso de que no, se distribuir\u00edan en municipios como Poza Rica, C\u00f3rdoba y Orizaba.<\/p>\n\n\n\n<p>Finalmente cabe mencionar que esta semana dio inici\u00f3 la vacunaci\u00f3n en Veracruz puerto as\u00ed como 21 municipios m\u00e1s de la entidad.<\/p>\n","protected":false},"excerpt":{"rendered":"<p>Dar\u00edo Pale Xalapa, Ver.- Para la vacunaci\u00f3n de las personas mayores la Benem\u00e9rita\u00a0escuela Normal Veracruzana \u201cEnrique C. Rebsamen\u201d dio a conocer qu\u00e9 ser\u00e1n sede para la aplicaci\u00f3n anticovid que realizar\u00e1n en Xalapa. A trav\u00e9s de sus redes sociales informaron a su comunidad que ya tienen todo listo para que las personas adultas a 60 a\u00f1os [&hellip;]<\/p>\n","protected":false},"author":1,"featured_media":11889,"comment_status":"open","ping_status":"open","sticky":false,"template":"","format":"standard","meta":{"_jetpack_memberships_contains_paid_content":false,"footnotes":""},"categories":[9],"tags":[],"class_list":["post-11888","post","type-post","status-publish","format-standard","has-post-thumbnail","hentry","category-salud"],"jetpack_featured_media_url":"https:\/\/encuentroinformativo.com.mx\/wp-content\/uploads\/2021\/03\/E5AB3F8C-7284-4D21-B5D3-5A1223A9EFE0.jpeg","jetpack_sharing_enabled":true,"jetpack_likes_enabled":true,"amp_enabled":true,"_links":{"self":[{"href":"https:\/\/encuentroinformativo.com.mx\/index.php?rest_route=\/wp\/v2\/posts\/11888","targetHints":{"allow":["GET"]}}],"collection":[{"href":"https:\/\/encuentroinformativo.com.mx\/index.php?rest_route=\/wp\/v2\/posts"}],"about":[{"href":"https:\/\/encuentroinformativo.com.mx\/index.php?rest_route=\/wp\/v2\/types\/post"}],"author":[{"embeddable":true,"href":"https:\/\/encuentroinformativo.com.mx\/index.php?rest_route=\/wp\/v2\/users\/1"}],"replies":[{"embeddable":true,"href":"https:\/\/encuentroinformativo.com.mx\/index.php?rest_route=%2Fwp%2Fv2%2Fcomments&post=11888"}],"version-history":[{"count":1,"href":"https:\/\/encuentroinformativo.com.mx\/index.php?rest_route=\/wp\/v2\/posts\/11888\/revisions"}],"predecessor-version":[{"id":11890,"href":"https:\/\/encuentroinformativo.com.mx\/index.php?rest_route=\/wp\/v2\/posts\/11888\/revisions\/11890"}],"wp:featuredmedia":[{"embeddable":true,"href":"https:\/\/encuentroinformativo.com.mx\/index.php?rest_route=\/wp\/v2\/media\/11889"}],"wp:attachment":[{"href":"https:\/\/encuentroinformativo.com.mx\/index.php?rest_route=%2Fwp%2Fv2%2Fmedia&parent=11888"}],"wp:term":[{"taxonomy":"category","embeddable":true,"href":"https:\/\/encuentroinformativo.com.mx\/index.php?rest_route=%2Fwp%2Fv2%2Fcategories&post=11888"},{"taxonomy":"post_tag","embeddable":true,"href":"https:\/\/encuentroinformativo.com.mx\/index.php?rest_route=%2Fwp%2Fv2%2Ftags&post=11888"}],"curies":[{"name":"wp","href":"https:\/\/api.w.org\/{rel}","templated":true}]}}