{"id":11891,"date":"2021-03-11T14:36:09","date_gmt":"2021-03-11T20:36:09","guid":{"rendered":"https:\/\/encuentroinformativo.com.mx\/?p=11891"},"modified":"2021-03-11T14:36:12","modified_gmt":"2021-03-11T20:36:12","slug":"mas-de-98-mil-veracruzanos-seran-funcionarios-de-casillas","status":"publish","type":"post","link":"https:\/\/encuentroinformativo.com.mx\/?p=11891","title":{"rendered":"M\u00e1s de 98 mil veracruzanos ser\u00e1n funcionarios de casillas"},"content":{"rendered":"\n<p><strong>Juan Arcos <\/strong><\/p>\n\n\n\n<p>Xalapa, Ver.- El consejero del Instituto Nacional Electoral (INE), Jos\u00e9 Roberto Ruiz Salda\u00f1a, revel\u00f3 que 98 mil 272 veracruzanos fueron seleccionados como funcionarios de casilla en la votaci\u00f3n del pr\u00f3ximo 6 de junio.<\/p>\n\n\n\n<p>El funcionario electoral detall\u00f3 que a nivel nacional ser\u00edan visitados 12 millones 254 mil 768 personas que salieron sorteadas para desempe\u00f1ar dicha funci\u00f3n.<\/p>\n\n\n\n<p>El entrevistado coment\u00f3 que en la entidad veracruzana ser\u00e1n instaladas 10 mil 910 casillas electorales y destac\u00f3 que ya se ha logrado capacitar a m\u00e1s del 32 por ciento en la primera etapa, misma que concluir\u00e1 el pr\u00f3ximo 12 de abril. Mientras que la segunda etapa de capacitaci\u00f3n ser\u00e1 del 13 de abril al 5 de junio.<\/p>\n\n\n\n<p>Tambi\u00e9n mencion\u00f3 que en Veracruz laboran 2 mil 737 capacitadoras y capacitadores asistentes electorales (CAE), quienes a su vez son vigilados por 466 supervisoras y supervisores.<\/p>\n\n\n\n<p>Ruiz Salda\u00f1a indic\u00f3 que 29 mil 919 ciudadanas y ciudadanos en Veracruz han rechazado la invitaci\u00f3n a participar como funcionarios de casilla, lo que equivale al 3.87 por ciento.<\/p>\n\n\n\n<p>Detall\u00f3 que la gente no atiende a los capacitadores, a\u00fan estando en el domicilio, y la mayor\u00eda de los rechazos corresponde a personas que no tienen intenciones de participar.<\/p>\n\n\n\n<p>El Consejero mencion\u00f3 que la gente argumenta no poder con la responsabilidad por cuestiones laborales y sociales.<\/p>\n\n\n\n<p>\u201cEn cada proceso electoral hay negativas para participar, nosotros ya las metemos clasificadas, nosotros entendemos las razones que a veces nos se\u00f1alan, por ejemplo, hay personas que se\u00f1alan que ese d\u00eda les va a tocar trabajar, nosotros clasificamos estas razones como laborales y sociales\u201d, enfatiz\u00f3.<\/p>\n","protected":false},"excerpt":{"rendered":"<p>Juan Arcos Xalapa, Ver.- El consejero del Instituto Nacional Electoral (INE), Jos\u00e9 Roberto Ruiz Salda\u00f1a, revel\u00f3 que 98 mil 272 veracruzanos fueron seleccionados como funcionarios de casilla en la votaci\u00f3n del pr\u00f3ximo 6 de junio. El funcionario electoral detall\u00f3 que a nivel nacional ser\u00edan visitados 12 millones 254 mil 768 personas que salieron sorteadas para [&hellip;]<\/p>\n","protected":false},"author":1,"featured_media":11892,"comment_status":"open","ping_status":"open","sticky":false,"template":"","format":"standard","meta":{"_jetpack_memberships_contains_paid_content":false,"footnotes":""},"categories":[2],"tags":[],"class_list":["post-11891","post","type-post","status-publish","format-standard","has-post-thumbnail","hentry","category-estado"],"jetpack_featured_media_url":"https:\/\/encuentroinformativo.com.mx\/wp-content\/uploads\/2021\/03\/6A8BE3E9-6CE0-4FBE-BD13-C91D3D19372E.jpeg","jetpack_sharing_enabled":true,"jetpack_likes_enabled":true,"amp_enabled":true,"_links":{"self":[{"href":"https:\/\/encuentroinformativo.com.mx\/index.php?rest_route=\/wp\/v2\/posts\/11891","targetHints":{"allow":["GET"]}}],"collection":[{"href":"https:\/\/encuentroinformativo.com.mx\/index.php?rest_route=\/wp\/v2\/posts"}],"about":[{"href":"https:\/\/encuentroinformativo.com.mx\/index.php?rest_route=\/wp\/v2\/types\/post"}],"author":[{"embeddable":true,"href":"https:\/\/encuentroinformativo.com.mx\/index.php?rest_route=\/wp\/v2\/users\/1"}],"replies":[{"embeddable":true,"href":"https:\/\/encuentroinformativo.com.mx\/index.php?rest_route=%2Fwp%2Fv2%2Fcomments&post=11891"}],"version-history":[{"count":1,"href":"https:\/\/encuentroinformativo.com.mx\/index.php?rest_route=\/wp\/v2\/posts\/11891\/revisions"}],"predecessor-version":[{"id":11893,"href":"https:\/\/encuentroinformativo.com.mx\/index.php?rest_route=\/wp\/v2\/posts\/11891\/revisions\/11893"}],"wp:featuredmedia":[{"embeddable":true,"href":"https:\/\/encuentroinformativo.com.mx\/index.php?rest_route=\/wp\/v2\/media\/11892"}],"wp:attachment":[{"href":"https:\/\/encuentroinformativo.com.mx\/index.php?rest_route=%2Fwp%2Fv2%2Fmedia&parent=11891"}],"wp:term":[{"taxonomy":"category","embeddable":true,"href":"https:\/\/encuentroinformativo.com.mx\/index.php?rest_route=%2Fwp%2Fv2%2Fcategories&post=11891"},{"taxonomy":"post_tag","embeddable":true,"href":"https:\/\/encuentroinformativo.com.mx\/index.php?rest_route=%2Fwp%2Fv2%2Ftags&post=11891"}],"curies":[{"name":"wp","href":"https:\/\/api.w.org\/{rel}","templated":true}]}}