{"id":1190,"date":"2020-03-23T13:45:55","date_gmt":"2020-03-23T19:45:55","guid":{"rendered":"https:\/\/encuentroinformativo.com\/?p=1190"},"modified":"2020-03-23T13:45:57","modified_gmt":"2020-03-23T19:45:57","slug":"pt-pide-investigar-agresiones-de-policias-a-organizaciones","status":"publish","type":"post","link":"https:\/\/encuentroinformativo.com.mx\/?p=1190","title":{"rendered":"PT pide investigar agresiones de polic\u00edas a organizaciones"},"content":{"rendered":"\n<p><strong>Juan Arcos <\/strong><\/p>\n\n\n\n<p>Xalapa, Ver.- El coordinador estatal del Partido del Trabajo (PT), Vicente Aguilar Aguilar, pidi\u00f3 al gobernador del estado, Cuitlahuac Garc\u00eda Jim\u00e9nez, que se investigue la agresi\u00f3n que ejercieron polic\u00edas estatales contra manifestantes en Papantla, durante el Festival Cumbre Taj\u00edn 2020.<\/p>\n\n\n\n<p>Cabe recordar que los integrantes de la Red Aut\u00f3noma de Campesinos Ind\u00edgenas, Movimiento y Organizaciones (Racimos) protestaban en la entrada del parque tem\u00e1tico \u201cTakilhtsukut\u201d, cuando los polic\u00edas de la Fuerza Civil y la montada aventaron los caballos y se abalanzaron contra ellos, previo a la inauguraci\u00f3n del festival mencionado.<\/p>\n\n\n\n<p>\u201cHacemos un llamado al Gobernador que le vale la rienda a parte de su gabinete que est\u00e1 fall\u00e1ndole, como es el caso de Seguridad P\u00fablica\u201d.<\/p>\n\n\n\n<p>El l\u00edder petista en Veracruz responsabiliz\u00f3 al titular de la Secretar\u00eda de Seguridad P\u00fablica (SSP), Hugo Guti\u00e9rrez Maldonado, de dicha agresi\u00f3n.<\/p>\n\n\n\n<p>\u201cSolicitarle respetuosamente (al Gobernador) que llame a su equipo a trabajar, cuidando a la sociedad\u201d.<\/p>\n\n\n\n<p>En ese sentido, consider\u00f3 que deben existir sanciones contra quienes resulten responsables de la represi\u00f3n ejercida contra campesinos e ind\u00edgenas.<\/p>\n\n\n\n<p>\u201cSe debe de investigar, no podemos maltratar a nuestros ind\u00edgenas y a nuestros campesinos, tenemos que ser cuidadosos, por eso el exhorto (al Gobernador) es que revise, vigile y sancione si hay elementos de juicio\u201d, remat\u00f3.<\/p>\n\n\n\n<p><\/p>\n","protected":false},"excerpt":{"rendered":"<p>Juan Arcos Xalapa, Ver.- El coordinador estatal del Partido del Trabajo (PT), Vicente Aguilar Aguilar, pidi\u00f3 al gobernador del estado, Cuitlahuac Garc\u00eda Jim\u00e9nez, que se investigue la agresi\u00f3n que ejercieron polic\u00edas estatales contra manifestantes en Papantla, durante el Festival Cumbre Taj\u00edn 2020. Cabe recordar que los integrantes de la Red Aut\u00f3noma de Campesinos Ind\u00edgenas, Movimiento [&hellip;]<\/p>\n","protected":false},"author":1,"featured_media":1191,"comment_status":"open","ping_status":"open","sticky":false,"template":"","format":"standard","meta":{"_jetpack_memberships_contains_paid_content":false,"footnotes":""},"categories":[2],"tags":[],"class_list":["post-1190","post","type-post","status-publish","format-standard","has-post-thumbnail","hentry","category-estado"],"jetpack_featured_media_url":"https:\/\/encuentroinformativo.com.mx\/wp-content\/uploads\/2020\/03\/AA574C96-8050-4DD5-871C-213106509C46.jpeg","jetpack_sharing_enabled":true,"jetpack_likes_enabled":true,"amp_enabled":true,"_links":{"self":[{"href":"https:\/\/encuentroinformativo.com.mx\/index.php?rest_route=\/wp\/v2\/posts\/1190","targetHints":{"allow":["GET"]}}],"collection":[{"href":"https:\/\/encuentroinformativo.com.mx\/index.php?rest_route=\/wp\/v2\/posts"}],"about":[{"href":"https:\/\/encuentroinformativo.com.mx\/index.php?rest_route=\/wp\/v2\/types\/post"}],"author":[{"embeddable":true,"href":"https:\/\/encuentroinformativo.com.mx\/index.php?rest_route=\/wp\/v2\/users\/1"}],"replies":[{"embeddable":true,"href":"https:\/\/encuentroinformativo.com.mx\/index.php?rest_route=%2Fwp%2Fv2%2Fcomments&post=1190"}],"version-history":[{"count":1,"href":"https:\/\/encuentroinformativo.com.mx\/index.php?rest_route=\/wp\/v2\/posts\/1190\/revisions"}],"predecessor-version":[{"id":1192,"href":"https:\/\/encuentroinformativo.com.mx\/index.php?rest_route=\/wp\/v2\/posts\/1190\/revisions\/1192"}],"wp:featuredmedia":[{"embeddable":true,"href":"https:\/\/encuentroinformativo.com.mx\/index.php?rest_route=\/wp\/v2\/media\/1191"}],"wp:attachment":[{"href":"https:\/\/encuentroinformativo.com.mx\/index.php?rest_route=%2Fwp%2Fv2%2Fmedia&parent=1190"}],"wp:term":[{"taxonomy":"category","embeddable":true,"href":"https:\/\/encuentroinformativo.com.mx\/index.php?rest_route=%2Fwp%2Fv2%2Fcategories&post=1190"},{"taxonomy":"post_tag","embeddable":true,"href":"https:\/\/encuentroinformativo.com.mx\/index.php?rest_route=%2Fwp%2Fv2%2Ftags&post=1190"}],"curies":[{"name":"wp","href":"https:\/\/api.w.org\/{rel}","templated":true}]}}