{"id":11902,"date":"2021-03-12T09:27:21","date_gmt":"2021-03-12T15:27:21","guid":{"rendered":"https:\/\/encuentroinformativo.com.mx\/?p=11902"},"modified":"2021-03-12T09:27:24","modified_gmt":"2021-03-12T15:27:24","slug":"el-covid-vuelve-a-joder-la-cumbre-tajin","status":"publish","type":"post","link":"https:\/\/encuentroinformativo.com.mx\/?p=11902","title":{"rendered":"EL COVID VUELVE A JODER LA CUMBRE TAJ\u00cdN"},"content":{"rendered":"\n<ul class=\"wp-block-list\"><li>\u00a1Est\u00fapida, mi suegra, idiota!<\/li><li>Empieza vacunaci\u00f3n en Xalapa.<\/li><li>Descanse en paz, Juan Fierro.<\/li><li>Tienen que recurrir a polic\u00edas de carrera.<\/li><\/ul>\n\n\n\n<p>Fumar es malo y por eso lo dej\u00e9, m\u00e1s con la pandemia\u2026<br>Por eso encargu\u00e9 mejor brownies.<br>&#8211;Chopenjawer<\/p>\n\n\n\n<p>Por segundo a\u00f1o consecutivo, la pandemia del Covid19 jodi\u00f3 a la Cumbre Taj\u00edn, que este a\u00f1o ahora ser\u00e1 virtual.<\/p>\n\n\n\n<p>Tampoco es que dicho festival pintara este 2021 para lucirse como en otros a\u00f1os. De hecho, el 2020 fue muy mediocre, poco atractivo; finalmente, en la Secretar\u00eda de Turismo tuvieron que recurrir al pretexto de la pandemia para cancelar en el \u00faltimo d\u00eda, cuando vieron que no llegaba la gente, tras a\u00f1os de venir de m\u00e1s a menos.<\/p>\n\n\n\n<p>Y en 2020 tuvieron tiempo para suspender antes del fracaso, pero decidieron avent\u00e1rsela de todos modos y no funcion\u00f3, pese a haber un antecedente con la Feria Internacional del Libro Universitario (FILU) que decidi\u00f3 cancelar su edici\u00f3n por el coronavirus.<\/p>\n\n\n\n<p>(Fue precisamente la Cumbre Taj\u00edn la que marc\u00f3 la pauta en Veracruz para que ahora s\u00ed se aplicaran con el tema del Covid19 y pedirle a la gente que se quedara en casa. Por estas fechas, podr\u00edamos decir que Veracruz est\u00e1 cumpliendo su primer a\u00f1o con coronavirus, ya que los contagios en la entidad comenzaron m\u00e1s tarde que en otras ciudades del pa\u00eds).<\/p>\n\n\n\n<p>Quiz\u00e1s el \u00faltimo mejorcito Taj\u00edn que hubo fue en el pen\u00faltimo a\u00f1o de Javier Duarte; ya ni se hable de los dos a\u00f1os que le tocaron al gober Cascarita, cuando se not\u00f3 a leguas que le vali\u00f3 madre la famosa Cumbre.<\/p>\n\n\n\n<p>Su principal creativo, Salom\u00f3n Bazbaz Lapidus, de plano mejor se fue a tierras mayas a hacer lo que mejor hace: producir festivales de calidad, porque ac\u00e1 en Papantla de plano todo se fue al carajo.<\/p>\n\n\n\n<p>El creador de dicha cumbre fue el exgobernador Miguel Alem\u00e1n Velasco, y su primer director fue el productor Gast\u00f3n Melo; la idea era impulsar tur\u00edstica y econ\u00f3micamente a la zona tras las inundaciones de 1999, aprovechando el equinoccio de primavera del 2000 y as\u00ed consecutivamente, aprovechando eso de que la gente va a las pir\u00e1mides a cargarse de energ\u00eda.<\/p>\n\n\n\n<p>Es cierto: en los tiempos pri\u00edstas ir a la Cumbre Taj\u00edn eran como vacaciones pagadas para todos: funcionarios de primer nivel, invitados especiales, periodistas. Hab\u00eda derroche.<\/p>\n\n\n\n<p>Pero si en verdad hubiese la voluntad, la creatividad y una verdadera buena organizaci\u00f3n, seguramente ser\u00eda a estas alturas uno de los festivales m\u00e1s prestigiados del mundo.<\/p>\n\n\n\n<p>Es una pena que lo hayan dejado morir poco a poco pese a tener atractivos que no tienen otros: el parque es espectacular, est\u00e1 la zona arqueol\u00f3gica, la cultura totonaca que es orgullo de M\u00e9xico, etc. Cerca est\u00e1 una zona de playas poco conocida hasta por muchos veracruzanos del centro y sur de la entidad.<\/p>\n\n\n\n<p>Dicen los castrosos que as\u00ed como est\u00e1n las cosas en la Secretar\u00eda de Turismo, a lo mejor van a estar reciclando los videos de YouTube de los conciertos y artistas chidos como el de Santana, Tool, Bjork, Pablo Milan\u00e9s, etc.<\/p>\n\n\n\n<p>Por lo pronto, ya anunciaron que la edici\u00f3n 2021 ser\u00e1 del 15 al 19 de marzo bajo la modalidad de &#8220;nueva normalidad\u201d. A ver con qu\u00e9 salen.<\/p>\n\n\n\n<p>NOTA PARA PEGAR EN EL REFRI: Lo comenta el portal Versiones: &#8220;Quien de plano se vol\u00f3 la barda con sus declaraciones fue el alcalde de Veracruz, Fernando Yunes M\u00e1rquez, quien luego de negar que su suegra haya presentado documentos ap\u00f3crifos, ya encarrerado, se avent\u00f3 la puntada al decir que su madre pol\u00edtica estuvo &#8220;durmiendo desde una noche antes, de las 9 o 10 de la noche esperando casi 12 horas para poder entrar, sin agua, sin refrigerio sin absolutamente nada&#8221;\u2026 \u00bfAlguien con mediana inteligencia cree que la do\u00f1ita estuvo durmiendo tooooda la noche, siiiiiiin agua, siiiiiin refrigerio y sin absoluuuuuutamente naaaada?\u2026 Carajo, se\u00f1or alcalde, ya deje de ofender la inteligencia de los ciudadanos\u2026 Nadie le cree que su suegra, una se\u00f1ora que tiene como yerno al alcalde de la ciudad, que vive en una zona privilegiada, con empleadas dom\u00e9sticas a su servicio, que hace sus compras en Liverpool, Zara, El Palacio de Hierro, etc., haya estado como una simple mortal esperando hoooras para que la inmunizaran contra el Covid\u2026 En el Puerto de Veracruz tooooodo mundo sabe c\u00f3mo \u201ccolaron\u201d a la se\u00f1ora para que le picaran su bracito\u2026 Pa&#8217; que vea, eso s\u00ed es decir estupideces&#8221;\u2026 Por cierto, por ah\u00ed dicen que ya hasta el Fernandito Perrier pensaba hacer ruido en Xalapa mandando a la suegrita con s\u00e9quito de corifeos.<\/p>\n\n\n\n<p><strong>NOTA EXTRA:<\/strong> Un nuevo lote de vacunas Pfizer-BioNTech lleg\u00f3 este jueves al estado, con lo cual empezar\u00e1 la inmunizaci\u00f3n de adultos mayores en Xalapa a partir del s\u00e1bado 13 de marzo; el orden es de la siguiente manera: s\u00e1bado 13, de la A a la E; domingo 14, de la F a la J; lunes 15, de la K a la O; martes 16, de la P a la T; mi\u00e9rcoles 17, de la U a la Z. Los d\u00edas jueves 18, viernes 19 y s\u00e1bado 20 ser\u00e1 para quienes por incapacidad o enfermedad no puedan acudir a los m\u00f3dulos; mientras que el domingo 21 y el lunes 22, las personas rezagadas. Cabe recordar que este viernes 12 de marzo, en el municipio de Veracruz, continuar\u00e1n las inoculaciones de aquellos cuyos apellidos inician con las letras P, Q, R, S y T. La vacuna y el proceso son universales y gratuitos; no hay venta de fichas ni de lugares en las filas, s\u00f3lo hay que llevar los documentos de identificaci\u00f3n (INE, CURP y comprobante de domicilio actual).<\/p>\n\n\n\n<p><strong>OTRA NOTA<\/strong>: Se nos adelant\u00f3 el buen Juan Fierro, por a\u00f1os trabajador de la Coordinaci\u00f3n General de Comunicaci\u00f3n Social del Gobierno de Veracruz, en el \u00e1rea de video. Maestro de la c\u00e1mara y la edici\u00f3n. Bohemio como pocos, mel\u00f3mano de coraz\u00f3n. Descanse en paz.<\/p>\n\n\n\n<p><strong>LA \u00daLTIMA PORQUE YA ES VIEEERNEEEEES: <\/strong>Que entre la tropa de la Polic\u00eda Estatal fue bien recibido el nombramiento del comandante Toga en la delegaci\u00f3n de Seguridad P\u00fablica en Papantla. Finalmente, como pas\u00f3 en Orizaba, tienen que recurrir (aunque lo hacen de manera reacia) a polic\u00edas de carrera, de la vieja escuela, precisamente porque son los que conocen el estado y los grupos de poder regional, no como los improvisados que traen de otros lugares y que se pierden hasta dos veces en el mismo d\u00eda en las calles de Veracruz, ah\u00ed por La Boticaria\u2026 \u00bfVerdad, Alicia Villareal?<\/p>\n","protected":false},"excerpt":{"rendered":"<p>\u00a1Est\u00fapida, mi suegra, idiota! Empieza vacunaci\u00f3n en Xalapa. Descanse en paz, Juan Fierro. Tienen que recurrir a polic\u00edas de carrera. Fumar es malo y por eso lo dej\u00e9, m\u00e1s con la pandemia\u2026Por eso encargu\u00e9 mejor brownies.&#8211;Chopenjawer Por segundo a\u00f1o consecutivo, la pandemia del Covid19 jodi\u00f3 a la Cumbre Taj\u00edn, que este a\u00f1o ahora ser\u00e1 virtual. [&hellip;]<\/p>\n","protected":false},"author":1,"featured_media":488,"comment_status":"open","ping_status":"open","sticky":false,"template":"","format":"standard","meta":{"_jetpack_memberships_contains_paid_content":false,"footnotes":""},"categories":[11],"tags":[],"class_list":["post-11902","post","type-post","status-publish","format-standard","has-post-thumbnail","hentry","category-opinion"],"jetpack_featured_media_url":"https:\/\/encuentroinformativo.com.mx\/wp-content\/uploads\/2020\/03\/F471F608-BA1A-416B-BA7B-BCFB24F4E6D0.jpeg","jetpack_sharing_enabled":true,"jetpack_likes_enabled":true,"amp_enabled":true,"_links":{"self":[{"href":"https:\/\/encuentroinformativo.com.mx\/index.php?rest_route=\/wp\/v2\/posts\/11902","targetHints":{"allow":["GET"]}}],"collection":[{"href":"https:\/\/encuentroinformativo.com.mx\/index.php?rest_route=\/wp\/v2\/posts"}],"about":[{"href":"https:\/\/encuentroinformativo.com.mx\/index.php?rest_route=\/wp\/v2\/types\/post"}],"author":[{"embeddable":true,"href":"https:\/\/encuentroinformativo.com.mx\/index.php?rest_route=\/wp\/v2\/users\/1"}],"replies":[{"embeddable":true,"href":"https:\/\/encuentroinformativo.com.mx\/index.php?rest_route=%2Fwp%2Fv2%2Fcomments&post=11902"}],"version-history":[{"count":1,"href":"https:\/\/encuentroinformativo.com.mx\/index.php?rest_route=\/wp\/v2\/posts\/11902\/revisions"}],"predecessor-version":[{"id":11903,"href":"https:\/\/encuentroinformativo.com.mx\/index.php?rest_route=\/wp\/v2\/posts\/11902\/revisions\/11903"}],"wp:featuredmedia":[{"embeddable":true,"href":"https:\/\/encuentroinformativo.com.mx\/index.php?rest_route=\/wp\/v2\/media\/488"}],"wp:attachment":[{"href":"https:\/\/encuentroinformativo.com.mx\/index.php?rest_route=%2Fwp%2Fv2%2Fmedia&parent=11902"}],"wp:term":[{"taxonomy":"category","embeddable":true,"href":"https:\/\/encuentroinformativo.com.mx\/index.php?rest_route=%2Fwp%2Fv2%2Fcategories&post=11902"},{"taxonomy":"post_tag","embeddable":true,"href":"https:\/\/encuentroinformativo.com.mx\/index.php?rest_route=%2Fwp%2Fv2%2Ftags&post=11902"}],"curies":[{"name":"wp","href":"https:\/\/api.w.org\/{rel}","templated":true}]}}