{"id":11915,"date":"2021-03-12T15:33:11","date_gmt":"2021-03-12T21:33:11","guid":{"rendered":"https:\/\/encuentroinformativo.com.mx\/?p=11915"},"modified":"2021-03-12T15:33:14","modified_gmt":"2021-03-12T21:33:14","slug":"se-preparan-adultos-en-xalapa-para-recibir-vacunas","status":"publish","type":"post","link":"https:\/\/encuentroinformativo.com.mx\/?p=11915","title":{"rendered":"Se preparan adultos en Xalapa para recibir vacunas"},"content":{"rendered":"\n<p><strong>Juan Arcos <\/strong><\/p>\n\n\n\n<p>Xalapa, Ver.- Adultos mayores se preparan para la aplicaci\u00f3n de la vacuna Pfizer contra el SARS-COV-2 (COVID-19) en la capital del estado.<\/p>\n\n\n\n<p>Esta ma\u00f1ana Natividad Espinoza Aguilar, de 68 a\u00f1os, acudi\u00f3 al Estadio Xalape\u00f1o \u201cHeriberto Jara Corona\u201d, una de las sedes para la vacunaci\u00f3n, en compa\u00f1\u00eda de su hija Beatriz Gardu\u00f1o, para solicitar informaci\u00f3n sobre el m\u00f3dulo que le corresponde.<\/p>\n\n\n\n<p>Cabe recordar que la vacunaci\u00f3n iniciar\u00e1 en Xalapa el s\u00e1bado 13 de marzo, en un horario de ocho de la ma\u00f1ana a seis de la tarde en 13 m\u00f3dulos que fueron instalados en la ciudad.<\/p>\n\n\n\n<p>La se\u00f1ora indic\u00f3 que conf\u00eda en la efectividad del biol\u00f3gico y que acudir\u00e1 un poco antes de las ocho de la ma\u00f1ana para recibir la inmunidad.<\/p>\n\n\n\n<p>Record\u00f3 que durante la pandemia ha acatado las recomendaciones por parte de las autoridades sanitarias, lo que ayud\u00f3 a que no se contagiara.<\/p>\n\n\n\n<p>\u201cLav\u00e1ndome las manos, ech\u00e1ndome gel antibacterial, el tapabocas, ya sabe, uno tiene que cuidarse. Ma\u00f1ana nos queremos venir antes de las ocho y nos digan a d\u00f3nde va a ser, si nos quedamos aqu\u00ed o nos vamos a otro lado\u201d.<\/p>\n\n\n\n<p>La adulta mayor es originaria de la Ciudad de M\u00e9xico, pero lleva 20 a\u00f1os viviendo en la capital de Veracruz, donde espera que sean vacunadas todas las personas de la tercera edad, pues corresponden al grupo m\u00e1s vulnerable por la pandemia del coronavirus.<\/p>\n\n\n\n<p>\u201cNo s\u00e9 si alcancen (las vacunas) pero hay que llegar temprano para que seamos de las primeras. Ya estoy lista para que me vacunen\u201d, enfatiz\u00f3.<\/p>\n\n\n\n<p>Tambi\u00e9n habr\u00e1 m\u00f3dulos de vacunaci\u00f3n en la colonia El Olmo, en la Benem\u00e9rita Escuela Normal Veracruzana (BENV) \u201cEnrique C. Rebsamen\u201d, Escuela Primaria Patria, Escuela Secundaria General n\u00famero 4, CECATI n\u00famero 51, Preescolar Pablo Neruda, COBAEV 35, Cancha Ejidal Chiltoyac, Gimnasio La Lagunilla, Centro Comunitario El Principito, Campo Deportivo Col\u00f3n y en la Unidad de Servicios de Salud de la Universidad de Veracruzana (UV).<\/p>\n\n\n\n<p>Cabe recordar que la tarde del jueves llegaron 51 mil 675 vacunas de la farmac\u00e9utica Pfizer para los adultos mayores de la ciudad de Xalapa, cuya aplicaci\u00f3n tambi\u00e9n ser\u00e1 en orden alfab\u00e9tico:\u00a0<\/p>\n\n\n\n<p>D\u00eda 1: A &#8211; ED\u00eda 2: F &#8211; JD\u00eda 3: K &#8211; OD\u00eda 4: P &#8211; TD\u00eda 5: U -ZD\u00eda 6, 7, 8: Personas que por incapacidad o enfermedad no puedan levantarse de cama.D\u00eda 9 y 10: Quienes no hayan estado en la ciudad el d\u00eda que les correspond\u00eda.<\/p>\n","protected":false},"excerpt":{"rendered":"<p>Juan Arcos Xalapa, Ver.- Adultos mayores se preparan para la aplicaci\u00f3n de la vacuna Pfizer contra el SARS-COV-2 (COVID-19) en la capital del estado. Esta ma\u00f1ana Natividad Espinoza Aguilar, de 68 a\u00f1os, acudi\u00f3 al Estadio Xalape\u00f1o \u201cHeriberto Jara Corona\u201d, una de las sedes para la vacunaci\u00f3n, en compa\u00f1\u00eda de su hija Beatriz Gardu\u00f1o, para solicitar [&hellip;]<\/p>\n","protected":false},"author":1,"featured_media":11916,"comment_status":"open","ping_status":"open","sticky":false,"template":"","format":"standard","meta":{"_jetpack_memberships_contains_paid_content":false,"footnotes":""},"categories":[9],"tags":[],"class_list":["post-11915","post","type-post","status-publish","format-standard","has-post-thumbnail","hentry","category-salud"],"jetpack_featured_media_url":"https:\/\/encuentroinformativo.com.mx\/wp-content\/uploads\/2021\/03\/13146C94-6245-43BB-AE7D-54FCDAFEEB57.jpeg","jetpack_sharing_enabled":true,"jetpack_likes_enabled":true,"amp_enabled":true,"_links":{"self":[{"href":"https:\/\/encuentroinformativo.com.mx\/index.php?rest_route=\/wp\/v2\/posts\/11915","targetHints":{"allow":["GET"]}}],"collection":[{"href":"https:\/\/encuentroinformativo.com.mx\/index.php?rest_route=\/wp\/v2\/posts"}],"about":[{"href":"https:\/\/encuentroinformativo.com.mx\/index.php?rest_route=\/wp\/v2\/types\/post"}],"author":[{"embeddable":true,"href":"https:\/\/encuentroinformativo.com.mx\/index.php?rest_route=\/wp\/v2\/users\/1"}],"replies":[{"embeddable":true,"href":"https:\/\/encuentroinformativo.com.mx\/index.php?rest_route=%2Fwp%2Fv2%2Fcomments&post=11915"}],"version-history":[{"count":1,"href":"https:\/\/encuentroinformativo.com.mx\/index.php?rest_route=\/wp\/v2\/posts\/11915\/revisions"}],"predecessor-version":[{"id":11917,"href":"https:\/\/encuentroinformativo.com.mx\/index.php?rest_route=\/wp\/v2\/posts\/11915\/revisions\/11917"}],"wp:featuredmedia":[{"embeddable":true,"href":"https:\/\/encuentroinformativo.com.mx\/index.php?rest_route=\/wp\/v2\/media\/11916"}],"wp:attachment":[{"href":"https:\/\/encuentroinformativo.com.mx\/index.php?rest_route=%2Fwp%2Fv2%2Fmedia&parent=11915"}],"wp:term":[{"taxonomy":"category","embeddable":true,"href":"https:\/\/encuentroinformativo.com.mx\/index.php?rest_route=%2Fwp%2Fv2%2Fcategories&post=11915"},{"taxonomy":"post_tag","embeddable":true,"href":"https:\/\/encuentroinformativo.com.mx\/index.php?rest_route=%2Fwp%2Fv2%2Ftags&post=11915"}],"curies":[{"name":"wp","href":"https:\/\/api.w.org\/{rel}","templated":true}]}}