{"id":11921,"date":"2021-03-12T17:52:26","date_gmt":"2021-03-12T23:52:26","guid":{"rendered":"https:\/\/encuentroinformativo.com.mx\/?p=11921"},"modified":"2021-03-12T17:52:57","modified_gmt":"2021-03-12T23:52:57","slug":"impulsa-ine-participacion-de-pueblos-y-comunidades-indigenas","status":"publish","type":"post","link":"https:\/\/encuentroinformativo.com.mx\/?p=11921","title":{"rendered":"Impulsa INE participaci\u00f3n de pueblos y comunidades ind\u00edgenas"},"content":{"rendered":"\n<p>Ciudad de M\u00e9xico.- El Instituto Nacional Electoral (INE) mantiene su compromiso con la participaci\u00f3n pol\u00edtico-electoral de las comunidades y pueblos ind\u00edgenas\u00a0con el impulso de\u00a0acciones afirmativas como el aumento del n\u00famero de distritos en donde se deben postular a representantes de esos grupos de poblaci\u00f3n, afirm\u00f3 el Consejero Mart\u00edn Faz Mora.<\/p>\n\n\n\n<p>En el ciclo&nbsp;#INEIncluyente, con el tema \u201c\u00bfQu\u00e9 son y c\u00f3mo funcionan los usos y costumbres de los pueblos y comunidades ind\u00edgenas?\u201d,&nbsp;Faz Mora dijo que&nbsp;con el objetivo de impulsar la participaci\u00f3n de los grupos ind\u00edgenas se ampli\u00f3 el n\u00famero de distritos en donde tendr\u00e1 que haber candidatos emanados de&nbsp;este sector de la poblaci\u00f3n.<\/p>\n\n\n\n<p>\u201cAntes era en 13 y ahora va a tener que ser en 21&nbsp;distritos&nbsp;en donde los partidos pol\u00edticos tendr\u00e1n la obligaci\u00f3n de poner 21 f\u00f3rmulas de mayor\u00eda relativa, que contiendan por la elecci\u00f3n&nbsp;en los distintos estados de la Rep\u00fablica\u201d, precis\u00f3.<\/p>\n\n\n\n<p>El Consejero agreg\u00f3 que los partidos pol\u00edticos tambi\u00e9n tendr\u00e1n la obligaci\u00f3n de presentar nueve f\u00f3rmulas de representaci\u00f3n proporcional&nbsp;integradas por&nbsp;personas ind\u00edgenas&nbsp;y al menos una de&nbsp;\u00e9stas&nbsp;deber\u00e1 estar contemplada dentro de los primeros&nbsp;10&nbsp;lugares&nbsp;de las listas.<\/p>\n\n\n\n<p>\u201cEn 21 distritos tendr\u00e1n que poner como candidatos a integrantes de comunidades ind\u00edgenas y al menos en nueve f\u00f3rmulas de representaci\u00f3n proporcional que aseguren la llegada de algunos a las C\u00e1maras\u201d.<\/p>\n\n\n\n<p>Estas modificaciones, destac\u00f3, impactar\u00e1n directamente a las personas que viven en comunidades ind\u00edgenas de Hidalgo, San Luis Potos\u00ed, Guerrero, Puebla, Veracruz, Yucat\u00e1n, Chiapas y Oaxaca.<\/p>\n\n\n\n<p>Rafaela Hern\u00e1ndez Ch\u00e1vez, mujer zapoteca quien&nbsp;ha participado pol\u00edticamente en su comunidad, Tlalixtac&nbsp;de Cabrera, Oaxaca, reconoci\u00f3 los avances para permitir la&nbsp;inclusi\u00f3n&nbsp;democr\u00e1tica de las comunidades y pueblos ind\u00edgenas, aunque consider\u00f3 que todav\u00eda falta avanzar en esa materia.<\/p>\n\n\n\n<p>Explic\u00f3 que con el objetivo de garantizar los derechos de las personas de origen ind\u00edgena, se tienen&nbsp;que conciliar&nbsp;en todo momento&nbsp;las leyes en materia electoral con los usos y costumbres de las comunidades.<\/p>\n\n\n\n<p>\u201cCuando se es autoridad municipal siempre se busca generar un equilibrio entre lo que es la Constituci\u00f3n Pol\u00edtica de los Estados Unidos Mexicanos, la Constituci\u00f3n Pol\u00edtica del estado y las propias normas de la comunidad; tiene que haber un equilibrio para que no violemos ning\u00fan derecho humano, ni de igualdad ni de equidad\u201d,&nbsp;sostuvo.<\/p>\n\n\n\n<p>Indic\u00f3 que los pueblos ind\u00edgenas reclaman el derecho a ser consultados porque a veces a nivel federal y estatal se toman decisiones&nbsp;con&nbsp;relaci\u00f3n a los municipios y no se les consulta,&nbsp;lo que deriva en enfrentamientos.<\/p>\n\n\n\n<p>\u201cSi esta decisi\u00f3n que toma el Gobierno Federal o el gobierno estatal y se consulta al pueblo, pues la autoridad municipal tiene la obligaci\u00f3n de llevarlo a la&nbsp;asamblea, consultar, que los ciudadanos se enteren, que los ciudadanos opinen y acuerden, y entonces la autoridad municipal podr\u00e1 ser portavoz de un s\u00ed o un no y explicar el por qu\u00e9, y tenemos este derecho colectivo a ser consultados\u201d, concluy\u00f3.<\/p>\n","protected":false},"excerpt":{"rendered":"<p>Ciudad de M\u00e9xico.- El Instituto Nacional Electoral (INE) mantiene su compromiso con la participaci\u00f3n pol\u00edtico-electoral de las comunidades y pueblos ind\u00edgenas\u00a0con el impulso de\u00a0acciones afirmativas como el aumento del n\u00famero de distritos en donde se deben postular a representantes de esos grupos de poblaci\u00f3n, afirm\u00f3 el Consejero Mart\u00edn Faz Mora. En el ciclo&nbsp;#INEIncluyente, con el [&hellip;]<\/p>\n","protected":false},"author":1,"featured_media":11922,"comment_status":"open","ping_status":"open","sticky":false,"template":"","format":"standard","meta":{"_jetpack_memberships_contains_paid_content":false,"footnotes":""},"categories":[12],"tags":[],"class_list":["post-11921","post","type-post","status-publish","format-standard","has-post-thumbnail","hentry","category-nacional"],"jetpack_featured_media_url":"https:\/\/encuentroinformativo.com.mx\/wp-content\/uploads\/2021\/03\/44000A6A-F57D-4CA8-8484-B9FA15E317F1.jpeg","jetpack_sharing_enabled":true,"jetpack_likes_enabled":true,"amp_enabled":true,"_links":{"self":[{"href":"https:\/\/encuentroinformativo.com.mx\/index.php?rest_route=\/wp\/v2\/posts\/11921","targetHints":{"allow":["GET"]}}],"collection":[{"href":"https:\/\/encuentroinformativo.com.mx\/index.php?rest_route=\/wp\/v2\/posts"}],"about":[{"href":"https:\/\/encuentroinformativo.com.mx\/index.php?rest_route=\/wp\/v2\/types\/post"}],"author":[{"embeddable":true,"href":"https:\/\/encuentroinformativo.com.mx\/index.php?rest_route=\/wp\/v2\/users\/1"}],"replies":[{"embeddable":true,"href":"https:\/\/encuentroinformativo.com.mx\/index.php?rest_route=%2Fwp%2Fv2%2Fcomments&post=11921"}],"version-history":[{"count":1,"href":"https:\/\/encuentroinformativo.com.mx\/index.php?rest_route=\/wp\/v2\/posts\/11921\/revisions"}],"predecessor-version":[{"id":11923,"href":"https:\/\/encuentroinformativo.com.mx\/index.php?rest_route=\/wp\/v2\/posts\/11921\/revisions\/11923"}],"wp:featuredmedia":[{"embeddable":true,"href":"https:\/\/encuentroinformativo.com.mx\/index.php?rest_route=\/wp\/v2\/media\/11922"}],"wp:attachment":[{"href":"https:\/\/encuentroinformativo.com.mx\/index.php?rest_route=%2Fwp%2Fv2%2Fmedia&parent=11921"}],"wp:term":[{"taxonomy":"category","embeddable":true,"href":"https:\/\/encuentroinformativo.com.mx\/index.php?rest_route=%2Fwp%2Fv2%2Fcategories&post=11921"},{"taxonomy":"post_tag","embeddable":true,"href":"https:\/\/encuentroinformativo.com.mx\/index.php?rest_route=%2Fwp%2Fv2%2Ftags&post=11921"}],"curies":[{"name":"wp","href":"https:\/\/api.w.org\/{rel}","templated":true}]}}