{"id":11924,"date":"2021-03-13T10:15:05","date_gmt":"2021-03-13T16:15:05","guid":{"rendered":"https:\/\/encuentroinformativo.com.mx\/?p=11924"},"modified":"2021-03-13T10:15:07","modified_gmt":"2021-03-13T16:15:07","slug":"la-vacuna","status":"publish","type":"post","link":"https:\/\/encuentroinformativo.com.mx\/?p=11924","title":{"rendered":"La vacuna"},"content":{"rendered":"\n<p><strong>N\u00fameros Rojos<\/strong><\/p>\n\n\n\n<p><strong>Brenda Caballero<\/strong><\/p>\n\n\n\n<p>Un a\u00f1o despu\u00e9s del primer caso de Covid en M\u00e9xico, el tema es la vacuna. \u00a1Y c\u00f3mo no! si representa la esperanza, el pensar en volver a vivir como antes de la pandemia, hacer lo que hac\u00edamos sin temor a contagiarnos.<\/p>\n\n\n\n<p>En redes sociales, en los mensajeros, el compartir informaci\u00f3n de la vacunaci\u00f3n se ha convertido en algo cotidiano&#8230; es un aliciente para nuestra sociedad.<\/p>\n\n\n\n<p>De igual forma las fakenews se han hecho presentes, como aquella informaci\u00f3n falsa que circul\u00f3 hace unos d\u00edas sobre los centros de vacunaci\u00f3n en la capital del estado. Es terrible pensar que alguien quiera jugar con ello o crear desestabilizaci\u00f3n con la salud de los adultos mayores.<\/p>\n\n\n\n<p>En el estado ya inici\u00f3 la vacunaci\u00f3n. El primer municipio fue Veracruz, por sus casos registrados. Hoy empieza la vacunaci\u00f3n en Xalapa pero algo preocupa. \u00bfPor qu\u00e9 nuestros adultos mayores, los cuales la mayor\u00eda se encuentran en riesgo o con enfermedades cr\u00f3nicas, tienen que esperar horas para recibir la dosis o en el peor de los casos, pernoctar ellos o alg\u00fan familiar en alguna sede de vacunaci\u00f3n? \u00bfPor qu\u00e9 no los citan en diferentes horarios?<\/p>\n\n\n\n<p>En el momento que estoy escribiendo esta columna, cerca de las 6 de la tarde, en el estadio Heriberto Jara Corona ya hay personas formadas, no todas son de la tercera edad, se entiende que van a hacer fila por alg\u00fan familiar, y pernoctar\u00e1n all\u00ed para ser de los primeros en ser vacunados; sin embargo, no se percibe mucha organizaci\u00f3n, ya que en una lona que colgaron con el rol de vacunaci\u00f3n, faltan colonias citadas en ese lugar en las redes sociales del Gobierno; adem\u00e1s de que mucho del personal que apoyar\u00e1 en el proceso de vacunaci\u00f3n, valga la redundancia y hasta la paradoja \u00a1no est\u00e1 vacunado! &#8220;\u00bfNos vacunar\u00e1n?&#8221;, preguntan. &#8220;Si sobran las vacunas&#8221;, es la respuesta.<\/p>\n\n\n\n<p>\u00bfPor qu\u00e9 las autoridades de salud no citan en diferentes horarios? \u00bfDe qu\u00e9 sirvi\u00f3 la dichosa p\u00e1gina para que se registraran los adultos mayores, si al final se formar\u00e1n como quieran? Porque he de entender que no le negar\u00e1n la vacuna a un adulto mayor que no se haya inscrito.<\/p>\n\n\n\n<p>En todo el pa\u00eds, el tema de conversaci\u00f3n es la vacunaci\u00f3n. As\u00ed como las quejas, que van desde la organizaci\u00f3n hasta el ocultamiento de la etiqueta de la vacuna que les ponen para saber el laboratorio de la vacuna (Pfizer, Cinovac, etc\u00e9tera) \u00bfAcaso importa el laboratorio? Para algunos s\u00ed. Creo que esa desconfianza nos la dej\u00f3 el ex gobernador Javier Duarte de Ochoa al darse a conocer la versi\u00f3n de que se inyectaba \u201cagua destilada\u201d a ni\u00f1os con c\u00e1ncer, situaci\u00f3n que \u00e9l mismo desmentir\u00eda&#8230; \u00bfpero qui\u00e9n le quita a la poblaci\u00f3n esa idea?La vacuna se han considerado lo m\u00e1s importante en nuestra vida. Los aspectos econ\u00f3micos y sociales giran en torno a ella. En las redes sociales se puede ver a los veracruzanos de distintas partes del estado que cuestionan como nunca al gobernador Cuitl\u00e1huac Garc\u00eda Jim\u00e9nez, sobre &#8220;\u00bfcu\u00e1ndo llegar\u00e1 la vacuna a nuestro municipio?&#8221;Por lo pronto, al consultar en estos momentos la p\u00e1gina www.covidvax.live\/location\/mex la cifra aproximada oscila en 3 millones 964 mil 94 dosis suministradas. Lo que representa a una velocidad de 2,03\/segundos o 175 mil 523 diarias. De acuerdo a la p\u00e1gina, a ese ritmo registrado de vacunaci\u00f3n en nuestro pa\u00eds, el 70 por ciento de la poblaci\u00f3n con la segunda dosis suministrada ser\u00eda el 13 de diciembre de 2023. Creo que para esa fecha, muchos habremos perdido algo m\u00e1s que la esperanza.<\/p>\n\n\n\n<p>@NumerosRojos_BC<\/p>\n\n\n\n<p><a rel=\"noreferrer noopener\" href=\"mailto:caballero_brenda@hotmail.com\" target=\"_blank\">caballero_brenda@hotmail.com<\/a><\/p>\n","protected":false},"excerpt":{"rendered":"<p>N\u00fameros Rojos Brenda Caballero Un a\u00f1o despu\u00e9s del primer caso de Covid en M\u00e9xico, el tema es la vacuna. \u00a1Y c\u00f3mo no! si representa la esperanza, el pensar en volver a vivir como antes de la pandemia, hacer lo que hac\u00edamos sin temor a contagiarnos. En redes sociales, en los mensajeros, el compartir informaci\u00f3n de [&hellip;]<\/p>\n","protected":false},"author":1,"featured_media":70,"comment_status":"open","ping_status":"open","sticky":false,"template":"","format":"standard","meta":{"_jetpack_memberships_contains_paid_content":false,"footnotes":""},"categories":[11],"tags":[],"class_list":["post-11924","post","type-post","status-publish","format-standard","has-post-thumbnail","hentry","category-opinion"],"jetpack_featured_media_url":"https:\/\/encuentroinformativo.com.mx\/wp-content\/uploads\/2020\/02\/opinion-invitado.jpg","jetpack_sharing_enabled":true,"jetpack_likes_enabled":true,"amp_enabled":true,"_links":{"self":[{"href":"https:\/\/encuentroinformativo.com.mx\/index.php?rest_route=\/wp\/v2\/posts\/11924","targetHints":{"allow":["GET"]}}],"collection":[{"href":"https:\/\/encuentroinformativo.com.mx\/index.php?rest_route=\/wp\/v2\/posts"}],"about":[{"href":"https:\/\/encuentroinformativo.com.mx\/index.php?rest_route=\/wp\/v2\/types\/post"}],"author":[{"embeddable":true,"href":"https:\/\/encuentroinformativo.com.mx\/index.php?rest_route=\/wp\/v2\/users\/1"}],"replies":[{"embeddable":true,"href":"https:\/\/encuentroinformativo.com.mx\/index.php?rest_route=%2Fwp%2Fv2%2Fcomments&post=11924"}],"version-history":[{"count":1,"href":"https:\/\/encuentroinformativo.com.mx\/index.php?rest_route=\/wp\/v2\/posts\/11924\/revisions"}],"predecessor-version":[{"id":11925,"href":"https:\/\/encuentroinformativo.com.mx\/index.php?rest_route=\/wp\/v2\/posts\/11924\/revisions\/11925"}],"wp:featuredmedia":[{"embeddable":true,"href":"https:\/\/encuentroinformativo.com.mx\/index.php?rest_route=\/wp\/v2\/media\/70"}],"wp:attachment":[{"href":"https:\/\/encuentroinformativo.com.mx\/index.php?rest_route=%2Fwp%2Fv2%2Fmedia&parent=11924"}],"wp:term":[{"taxonomy":"category","embeddable":true,"href":"https:\/\/encuentroinformativo.com.mx\/index.php?rest_route=%2Fwp%2Fv2%2Fcategories&post=11924"},{"taxonomy":"post_tag","embeddable":true,"href":"https:\/\/encuentroinformativo.com.mx\/index.php?rest_route=%2Fwp%2Fv2%2Ftags&post=11924"}],"curies":[{"name":"wp","href":"https:\/\/api.w.org\/{rel}","templated":true}]}}