{"id":11929,"date":"2021-03-13T15:04:54","date_gmt":"2021-03-13T21:04:54","guid":{"rendered":"https:\/\/encuentroinformativo.com.mx\/?p=11929"},"modified":"2021-03-13T15:04:57","modified_gmt":"2021-03-13T21:04:57","slug":"en-calma-transcurren-jornadas-de-vacunacion","status":"publish","type":"post","link":"https:\/\/encuentroinformativo.com.mx\/?p=11929","title":{"rendered":"En calma, transcurren jornadas de vacunaci\u00f3n"},"content":{"rendered":"\n<p>Veracruz, Ver<em>.<\/em>&#8211; La vacunaci\u00f3n contra la COVID-19 a poblaci\u00f3n adulta mayor de 60 a\u00f1os, en el municipio de Veracruz, transcurre con normalidad y registra gran respuesta de los beneficiarios; aplic\u00e1ndose entre 600 y 700 dosis diarias en cada punto habilitado.<\/p>\n\n\n\n<p>El proceso inici\u00f3 el pasado martes, de acuerdo con el Plan Nacional de Vacunaci\u00f3n, por lo que la Secretar\u00eda de Salud (SS) y los Servicios de Salud de Veracruz (SESVER) laboran arduamente. Estas acciones continuar\u00e1n hasta el 18 de marzo, en orden alfab\u00e9tico.<\/p>\n\n\n\n<p>Quienes ya fueron inoculados expresaron su agradecimiento a los gobiernos federal y estatal; asimismo, reconocieron el esfuerzo del personal y la log\u00edstica. El se\u00f1or Feliciano Garc\u00eda Ch\u00e1vez, de la colonia Amapolas 2, coment\u00f3 \u201cla atenci\u00f3n ha sido muy bonita, muy bien coordinados y sin problemas. Qu\u00e9 bueno que este gobierno haga algo por el pueblo, porque los anteriores nos ten\u00edan mal\u201d.<\/p>\n\n\n\n<p>Mar\u00eda del Carmen Jim\u00e9nez, de Las Bajadas, resalt\u00f3 la amabilidad de las enfermeras y m\u00e9dicos; \u201cme voy contenta, me pusieron la vacuna y me siento bien (\u2026) entiendo que es para prevenir. Muchas gracias por acordarse de nosotros\u201d. En tanto, Guadalupe Herrera Solano, de Los Almendros, dijo \u201cme gust\u00f3 la atenci\u00f3n, me hicieron preguntas y hasta ahorita todo bien; han tenido muchas atenciones, me trajeron una silla de ruedas, nos dieron agua, caf\u00e9 y pan. Todo muy bonito\u201d.<\/p>\n\n\n\n<p>Por su parte, don Juan Jos\u00e9 Jim\u00e9nez, de Lomas de R\u00edo Medio, destac\u00f3 el profesionalismo y calidez de los trabajadores de la salud, pues desde que llegan los adultos mayores les proporcionan la informaci\u00f3n necesaria y en todo momento est\u00e1n pendientes de ellos.<\/p>\n\n\n\n<p>Cabe recordar que para el Plan de 10 d\u00edas fueron dispuestos 16 m\u00f3dulos: 11 en centros de Salud y los cinco restantes en el Club de Leones, Club Naval, Facultad de Medicina de la Universidad Veracruzana, Instituto Tecnol\u00f3gico de Veracruz y el Auditorio Benito Ju\u00e1rez.<\/p>\n","protected":false},"excerpt":{"rendered":"<p>Veracruz, Ver.&#8211; La vacunaci\u00f3n contra la COVID-19 a poblaci\u00f3n adulta mayor de 60 a\u00f1os, en el municipio de Veracruz, transcurre con normalidad y registra gran respuesta de los beneficiarios; aplic\u00e1ndose entre 600 y 700 dosis diarias en cada punto habilitado. El proceso inici\u00f3 el pasado martes, de acuerdo con el Plan Nacional de Vacunaci\u00f3n, por [&hellip;]<\/p>\n","protected":false},"author":1,"featured_media":11930,"comment_status":"open","ping_status":"open","sticky":false,"template":"","format":"standard","meta":{"_jetpack_memberships_contains_paid_content":false,"footnotes":""},"categories":[2],"tags":[],"class_list":["post-11929","post","type-post","status-publish","format-standard","has-post-thumbnail","hentry","category-estado"],"jetpack_featured_media_url":"https:\/\/encuentroinformativo.com.mx\/wp-content\/uploads\/2021\/03\/0DC23CA5-B343-4DC1-AE1F-5C2AADEF94AD.jpeg","jetpack_sharing_enabled":true,"jetpack_likes_enabled":true,"amp_enabled":true,"_links":{"self":[{"href":"https:\/\/encuentroinformativo.com.mx\/index.php?rest_route=\/wp\/v2\/posts\/11929","targetHints":{"allow":["GET"]}}],"collection":[{"href":"https:\/\/encuentroinformativo.com.mx\/index.php?rest_route=\/wp\/v2\/posts"}],"about":[{"href":"https:\/\/encuentroinformativo.com.mx\/index.php?rest_route=\/wp\/v2\/types\/post"}],"author":[{"embeddable":true,"href":"https:\/\/encuentroinformativo.com.mx\/index.php?rest_route=\/wp\/v2\/users\/1"}],"replies":[{"embeddable":true,"href":"https:\/\/encuentroinformativo.com.mx\/index.php?rest_route=%2Fwp%2Fv2%2Fcomments&post=11929"}],"version-history":[{"count":1,"href":"https:\/\/encuentroinformativo.com.mx\/index.php?rest_route=\/wp\/v2\/posts\/11929\/revisions"}],"predecessor-version":[{"id":11931,"href":"https:\/\/encuentroinformativo.com.mx\/index.php?rest_route=\/wp\/v2\/posts\/11929\/revisions\/11931"}],"wp:featuredmedia":[{"embeddable":true,"href":"https:\/\/encuentroinformativo.com.mx\/index.php?rest_route=\/wp\/v2\/media\/11930"}],"wp:attachment":[{"href":"https:\/\/encuentroinformativo.com.mx\/index.php?rest_route=%2Fwp%2Fv2%2Fmedia&parent=11929"}],"wp:term":[{"taxonomy":"category","embeddable":true,"href":"https:\/\/encuentroinformativo.com.mx\/index.php?rest_route=%2Fwp%2Fv2%2Fcategories&post=11929"},{"taxonomy":"post_tag","embeddable":true,"href":"https:\/\/encuentroinformativo.com.mx\/index.php?rest_route=%2Fwp%2Fv2%2Ftags&post=11929"}],"curies":[{"name":"wp","href":"https:\/\/api.w.org\/{rel}","templated":true}]}}