{"id":1193,"date":"2020-03-23T14:11:56","date_gmt":"2020-03-23T20:11:56","guid":{"rendered":"https:\/\/encuentroinformativo.com\/?p=1193"},"modified":"2020-03-23T14:11:58","modified_gmt":"2020-03-23T20:11:58","slug":"agradece-magdaleno-rosales-distincion-de-comite-nacional-de-morena","status":"publish","type":"post","link":"https:\/\/encuentroinformativo.com.mx\/?p=1193","title":{"rendered":"Agradece Magdaleno Rosales distinci\u00f3n de comit\u00e9 nacional de Morena"},"content":{"rendered":"\n<p>Xalapa, Ver.- El diputado local Magdaleno Rosales agradeci\u00f3 la distinci\u00f3n del comit\u00e9 nacional de Morena para formar parte de la comisi\u00f3n que efectuar\u00e1 trabajos en el territorio Veracruzano.<\/p>\n\n\n\n<p>Motivo por el cual hizo un llamado para que prevalezca la unidad al interior del instituto pol\u00edtico.<\/p>\n\n\n\n<p>\u201cAgradezco la confianza de nuestro dirigente nacional de MORENA,  Alfonso Ram\u00edrez Cu\u00e9llar, por la designaci\u00f3n que realiz\u00f3 a un servidor para integrarme en la comisi\u00f3n pr\u00f3xima a dar a conocer, y donde estar\u00e1n mis compa\u00f1eros el diputado federal, Jaime Humberto P\u00e9rez Bernab\u00e9, el diputado y coordinador de la Jucopo Juan Javier G\u00f3mez Cazarin, Enrique Villegas y Esteban Ram\u00edrez\u201d.<\/p>\n\n\n\n<p>Quiero expresar que desde esta comisi\u00f3n trabajar\u00e9 con toda la unidad y disponibilidad -enfatiz\u00f3- junto a mis compa\u00f1eros para lograr el liderazgos que impulsen la unidad interna y el respaldo incondicional de la militancia y de los ciudadanos para unir m\u00e1s fuerza en todos los rincones de nuestro Veracruz.<\/p>\n\n\n\n<p>Ante ello destac\u00f3 que se trata de preservar la unidad y fortaleza del partido pol\u00edtico por lo que record\u00f3 que el llamado de la dirigencia nacional a cargo de Alfonso Ram\u00edrez es a \u201cno rasgarse las vestiduras\u201d.<\/p>\n","protected":false},"excerpt":{"rendered":"<p>Xalapa, Ver.- El diputado local Magdaleno Rosales agradeci\u00f3 la distinci\u00f3n del comit\u00e9 nacional de Morena para formar parte de la comisi\u00f3n que efectuar\u00e1 trabajos en el territorio Veracruzano. Motivo por el cual hizo un llamado para que prevalezca la unidad al interior del instituto pol\u00edtico. \u201cAgradezco la confianza de nuestro dirigente nacional de MORENA, Alfonso [&hellip;]<\/p>\n","protected":false},"author":1,"featured_media":1194,"comment_status":"open","ping_status":"open","sticky":false,"template":"","format":"standard","meta":{"_jetpack_memberships_contains_paid_content":false,"footnotes":""},"categories":[2],"tags":[],"class_list":["post-1193","post","type-post","status-publish","format-standard","has-post-thumbnail","hentry","category-estado"],"jetpack_featured_media_url":"https:\/\/encuentroinformativo.com.mx\/wp-content\/uploads\/2020\/03\/2057D865-94B0-4D29-8271-34F1DB339FD5.jpeg","jetpack_sharing_enabled":true,"jetpack_likes_enabled":true,"amp_enabled":true,"_links":{"self":[{"href":"https:\/\/encuentroinformativo.com.mx\/index.php?rest_route=\/wp\/v2\/posts\/1193","targetHints":{"allow":["GET"]}}],"collection":[{"href":"https:\/\/encuentroinformativo.com.mx\/index.php?rest_route=\/wp\/v2\/posts"}],"about":[{"href":"https:\/\/encuentroinformativo.com.mx\/index.php?rest_route=\/wp\/v2\/types\/post"}],"author":[{"embeddable":true,"href":"https:\/\/encuentroinformativo.com.mx\/index.php?rest_route=\/wp\/v2\/users\/1"}],"replies":[{"embeddable":true,"href":"https:\/\/encuentroinformativo.com.mx\/index.php?rest_route=%2Fwp%2Fv2%2Fcomments&post=1193"}],"version-history":[{"count":1,"href":"https:\/\/encuentroinformativo.com.mx\/index.php?rest_route=\/wp\/v2\/posts\/1193\/revisions"}],"predecessor-version":[{"id":1195,"href":"https:\/\/encuentroinformativo.com.mx\/index.php?rest_route=\/wp\/v2\/posts\/1193\/revisions\/1195"}],"wp:featuredmedia":[{"embeddable":true,"href":"https:\/\/encuentroinformativo.com.mx\/index.php?rest_route=\/wp\/v2\/media\/1194"}],"wp:attachment":[{"href":"https:\/\/encuentroinformativo.com.mx\/index.php?rest_route=%2Fwp%2Fv2%2Fmedia&parent=1193"}],"wp:term":[{"taxonomy":"category","embeddable":true,"href":"https:\/\/encuentroinformativo.com.mx\/index.php?rest_route=%2Fwp%2Fv2%2Fcategories&post=1193"},{"taxonomy":"post_tag","embeddable":true,"href":"https:\/\/encuentroinformativo.com.mx\/index.php?rest_route=%2Fwp%2Fv2%2Ftags&post=1193"}],"curies":[{"name":"wp","href":"https:\/\/api.w.org\/{rel}","templated":true}]}}