{"id":11942,"date":"2021-03-14T16:01:59","date_gmt":"2021-03-14T22:01:59","guid":{"rendered":"https:\/\/encuentroinformativo.com.mx\/?p=11942"},"modified":"2021-03-14T16:02:03","modified_gmt":"2021-03-14T22:02:03","slug":"mantiene-frena-protestas-contra-amlo","status":"publish","type":"post","link":"https:\/\/encuentroinformativo.com.mx\/?p=11942","title":{"rendered":"Mantiene FRENA protestas contra AMLO"},"content":{"rendered":"\n<p><strong>Juan Arcos <\/strong><\/p>\n\n\n\n<p>Xalapa, Ver.- Un grupo de integrantes del Frente Nacional AntiAmlo (Frena) protest\u00f3 nuevamente frente a Palacio de Gobierno para exigir juicio pol\u00edtico contra el presidente de la Rep\u00fablica, Andr\u00e9s Manuel L\u00f3pez Obrador.<\/p>\n\n\n\n<p>Se trata de la segunda manifestaci\u00f3n que dicha agrupaci\u00f3n lleva a cabo en la capital del estado, en lo que va de este a\u00f1o.<\/p>\n\n\n\n<p>Estas personas se concentraron en Plaza Sebasti\u00e1n Lerdo de Tejada con lonas que colocaron en un tendedero y donde se le\u00edan diversos mensajes, como: \u201cFuera L\u00f3pez. El \u00fanico ant\u00eddoto contra el MorenaVirus es Frena\u201d, \u201cJuicio Pol\u00edtico contra L\u00f3pez Obrador\u201d y \u201cVeracruz presente. Lleg\u00f3 la hora de ajustar cuentas. Criminal, genocida, corrupto\u201d.<\/p>\n\n\n\n<p>De acuerdo con Hilda Salda\u00f1a Olmos, integrante de Frena, en la plaza p\u00fablica realizaron una audiencia popular para promover el juicio pol\u00edtico contra el mandatario federal.<\/p>\n\n\n\n<p>En su discurso, se\u00f1al\u00f3 que se busca dar seguimiento a una presunta causa penal contra el Presidente por los delitos de traici\u00f3n a la patria, homicidio doloso y delitos contra la salud p\u00fablica.<\/p>\n\n\n\n<p>\u201cCiudadana Estela Mart\u00ednez Angulo, defensora del ciudadano Andr\u00e9s Manuel L\u00f3pez Obrador, le voy a pedir que est\u00e9 muy atenta a lo que va a ocurrir, lo que va a ser y lo que va a o\u00edr en el presente juicio ciudadano\u201d, expres\u00f3.<\/p>\n\n\n\n<p>La mujer indic\u00f3 que continuar\u00e1n las protestas en la capital del estado hasta que el juicio ciudadano finalice.<\/p>\n\n\n\n<p>\u201cEste es el momento culminante del proceso de juzgamiento que se ha seguido en contra de su defendido (AMLO), al cabo de la obtenci\u00f3n de todas las pruebas que se van a valorar en el presente juicio. Los se\u00f1ores miembros del jurado van a decidir si el ciudadano Andr\u00e9s Manuel L\u00f3pez Obrador es culpable o inocente de los delitos que se le imputan\u201d, enfatiz\u00f3 Salda\u00f1a Olmos.<\/p>\n","protected":false},"excerpt":{"rendered":"<p>Juan Arcos Xalapa, Ver.- Un grupo de integrantes del Frente Nacional AntiAmlo (Frena) protest\u00f3 nuevamente frente a Palacio de Gobierno para exigir juicio pol\u00edtico contra el presidente de la Rep\u00fablica, Andr\u00e9s Manuel L\u00f3pez Obrador. Se trata de la segunda manifestaci\u00f3n que dicha agrupaci\u00f3n lleva a cabo en la capital del estado, en lo que va [&hellip;]<\/p>\n","protected":false},"author":1,"featured_media":11943,"comment_status":"open","ping_status":"open","sticky":false,"template":"","format":"standard","meta":{"_jetpack_memberships_contains_paid_content":false,"footnotes":""},"categories":[3],"tags":[],"class_list":["post-11942","post","type-post","status-publish","format-standard","has-post-thumbnail","hentry","category-xalapa"],"jetpack_featured_media_url":"https:\/\/encuentroinformativo.com.mx\/wp-content\/uploads\/2021\/03\/1D9B9999-A204-4707-AE2D-9482B78EB8E7.jpeg","jetpack_sharing_enabled":true,"jetpack_likes_enabled":true,"amp_enabled":true,"_links":{"self":[{"href":"https:\/\/encuentroinformativo.com.mx\/index.php?rest_route=\/wp\/v2\/posts\/11942","targetHints":{"allow":["GET"]}}],"collection":[{"href":"https:\/\/encuentroinformativo.com.mx\/index.php?rest_route=\/wp\/v2\/posts"}],"about":[{"href":"https:\/\/encuentroinformativo.com.mx\/index.php?rest_route=\/wp\/v2\/types\/post"}],"author":[{"embeddable":true,"href":"https:\/\/encuentroinformativo.com.mx\/index.php?rest_route=\/wp\/v2\/users\/1"}],"replies":[{"embeddable":true,"href":"https:\/\/encuentroinformativo.com.mx\/index.php?rest_route=%2Fwp%2Fv2%2Fcomments&post=11942"}],"version-history":[{"count":1,"href":"https:\/\/encuentroinformativo.com.mx\/index.php?rest_route=\/wp\/v2\/posts\/11942\/revisions"}],"predecessor-version":[{"id":11944,"href":"https:\/\/encuentroinformativo.com.mx\/index.php?rest_route=\/wp\/v2\/posts\/11942\/revisions\/11944"}],"wp:featuredmedia":[{"embeddable":true,"href":"https:\/\/encuentroinformativo.com.mx\/index.php?rest_route=\/wp\/v2\/media\/11943"}],"wp:attachment":[{"href":"https:\/\/encuentroinformativo.com.mx\/index.php?rest_route=%2Fwp%2Fv2%2Fmedia&parent=11942"}],"wp:term":[{"taxonomy":"category","embeddable":true,"href":"https:\/\/encuentroinformativo.com.mx\/index.php?rest_route=%2Fwp%2Fv2%2Fcategories&post=11942"},{"taxonomy":"post_tag","embeddable":true,"href":"https:\/\/encuentroinformativo.com.mx\/index.php?rest_route=%2Fwp%2Fv2%2Ftags&post=11942"}],"curies":[{"name":"wp","href":"https:\/\/api.w.org\/{rel}","templated":true}]}}