{"id":11945,"date":"2021-03-14T16:12:00","date_gmt":"2021-03-14T22:12:00","guid":{"rendered":"https:\/\/encuentroinformativo.com.mx\/?p=11945"},"modified":"2021-03-14T16:12:02","modified_gmt":"2021-03-14T22:12:02","slug":"dirigencia-del-prd-acusa-persecucion-politica","status":"publish","type":"post","link":"https:\/\/encuentroinformativo.com.mx\/?p=11945","title":{"rendered":"Dirigencia del PRD acusa persecuci\u00f3n pol\u00edtica"},"content":{"rendered":"\n<p><strong>Juan Arcos<\/strong><\/p>\n\n\n\n<p>Xalapa, Ver.- El dirigente del Partido de la Revoluci\u00f3n Democr\u00e1tica (PRD) en Veracruz, Sergio Cadena Mart\u00ednez, consider\u00f3 que la detenci\u00f3n de su militante y exsecretario de gobierno, Rogelio \u201cN\u201d corresponde a una \u201cpersecuci\u00f3n pol\u00edtica\u201d.<\/p>\n\n\n\n<p>\u201cLo que observamos es la puesta en marcha de un plan desde el gobierno para golpear al perredismo veracruzano, lo que es un signo inobjetable de que realmente preocupamos a Morena\u201d, expres\u00f3.<\/p>\n\n\n\n<p>En conferencia de prensa, acus\u00f3 que el gobierno estatal utiliza a la Fiscal\u00eda General del Estado (FGE) para atacar a sus opositores durante este proceso electoral 2020-2021.<\/p>\n\n\n\n<p>\u201cActivando procesos legales que buscan intimidar y frenar a quienes son calificados como un riesgo para el r\u00e9gimen morenista. Es indignante que la Fiscal (Ver\u00f3nica Hern\u00e1ndez Giad\u00e1ns) pretenda ser un factor de desequilibrio de la contienda electoral\u201d, acus\u00f3.<\/p>\n\n\n\n<p>Cabe recordar que Rogelio \u201cN\u201d fue detenido por polic\u00edas ministeriales en el municipio de Tuxpan, en la zona norte de la entidad, al ejecutar una orden de aprehensi\u00f3n girada por un juez de control, por el presunto delito de violencia familiar y ultrajes a la autoridad.<\/p>\n\n\n\n<p>El l\u00edder del Sol Azteca dijo desconocer los asuntos familiares de quien fuera Secretario de Gobierno en la administraci\u00f3n del entonces gobernador panista Miguel \u00c1ngel Yunes Linares.<\/p>\n\n\n\n<p>\u201cEs una denuncias de muchos a\u00f1os y de repente a un actor pol\u00edtico del PRD le ejecutan una orden de aprehensi\u00f3n&#8221;, enfatiz\u00f3 Cadena Mart\u00ednez, la ma\u00f1ana de este domingo.<\/p>\n\n\n\n<p><strong>FISCAL\u00cdA ACTU\u00d3 CON APEGO A LA LEY\u00a0<\/strong><\/p>\n\n\n\n<p>La Fiscal\u00eda General del Estado (FGE) inform\u00f3 que las diligencias de intervenci\u00f3n e investigaci\u00f3n se realizaron en estricto apego al debido proceso y en todo momento fueron respetados los derechos humanos del imputado.<\/p>\n\n\n\n<p>Adem\u00e1s, indic\u00f3 que la detenci\u00f3n se llev\u00f3 a cabo la ma\u00f1ana del s\u00e1bado por hechos probablemente constitutivos del delito de ultrajes a la autoridad.\u00a0\u201cLuego de que se suscitaran los hechos, donde Rogelio N probablemente agrediera de manera f\u00edsica y verbal a un elemento de la Polic\u00eda Ministerial que se encontraba realizando las funciones que por Ley le competen para dar cumplimento a una orden de aprehensi\u00f3n emitida bajo los efectos del Proceso Penal 57\/2021, fue detenido y trasladado a las instalaciones de la Unidad Integral de Procuraci\u00f3n de Justicia de Tuxpan\u201d, se lee en un comunicado.\u00a0En dicha representaci\u00f3n ministerial se dio inicio a la carpeta de investigaci\u00f3n correspondiente, momento en el cual empez\u00f3 a correr el t\u00e9rmino constitucional, que vencer\u00e1 el pr\u00f3ximo 15 del mes y a\u00f1o en curso.En apego a los tiempos legales y los protocolos de actuaci\u00f3n, la Fiscal\u00eda General del Estado manifest\u00f3 que en forma imparcial ejercer\u00e1 sus funciones para combatir, inhibir y atender toda acci\u00f3n ilegal o cualquier delito que atente contra las y los habitantes de la entidad.<\/p>\n\n\n\n<p><strong>CONTEXTO<\/strong><\/p>\n\n\n\n<p>El exdirigente estatal del PRD enfrenta un proceso dentro de la carpeta de investigaci\u00f3n UIPJ-1\/DXI\/FE2\/522\/2021 en Fiscal\u00eda Especializada en la Investigaci\u00f3n de Delitos de Violencia Contra la Familia, Mujeres, Ni\u00f1as, Ni\u00f1os y Trata de Personas.<\/p>\n\n\n\n<p>Un Juez de Xalapa orden\u00f3 su captura, debido a que el pasado mes de marzo de 2020, su exesposa Guillermina Alvarado Gonz\u00e1lez denunci\u00f3 que Rogelio Franco la habr\u00eda golpeado en al menos dos ocasiones cuando estaban unidos en matrimonio.<\/p>\n\n\n\n<p>En redes sociales, Luisa y Viviana, hijas de Rogelio Franco, emitieron un mensaje donde acusan directamente a su madre de amenazarlas por denunciar que ella las abandon\u00f3, que las maltrat\u00f3, que se volvi\u00f3 a casar y que sigue atacando a su familia.<\/p>\n\n\n\n<p>\u201cQueremos aclarar, primero que nada, que cuando hablemos de nuestra familia, nos referimos a mi pap\u00e1 y nosotras, tres hermanas que decidimos, desde hace casi dos a\u00f1os y recientemente nuestra hermana m\u00e1s peque\u00f1a, separarnos de nuestra madre debido a varios abusos que sufrimos estando con ella. Y es por esta raz\u00f3n que decidimos de nuevo dar nuestra versi\u00f3n de las cosas, igual que como lo hicimos el a\u00f1o pasado, espec\u00edficamente el 5 de marzo, pero ahora m\u00e1s preocupadas e indignadas porque lo sucedido hoy ha rebasado todo lo que pudimos imaginar\u201d, expresaron.<\/p>\n\n\n\n<p>Las j\u00f3venes dijeron sentirse inseguras por dichas amenazas por parte de Guillermina Alvarado y le pidieron nuevamente que las deje en paz.<\/p>\n\n\n\n<p>\u201cEstamos muy dolidas y adem\u00e1s, nos sentimos inseguras. Varias veces recibimos amenazas por parte de nuestra madre, la se\u00f1ora Guillermina Alvarado, para que no hici\u00e9ramos m\u00e1s p\u00fablica la verdad de esta pesadilla que nos ha obligado a vivir. Nosotras no sabemos nada de pol\u00edtica, nunca nos ha interesado, solo sabemos que hoy estamos muy tristes, con mucho temor y muy solas porque nuestro pap\u00e1 est\u00e1 en la c\u00e1rcel.Por favor, mam\u00e1, este mensaje es para ti: d\u00e9janos vivir en paz. Vive tu vida y d\u00e9janos a nosotros estar con nuestro padre. Lo necesitamos\u201d, enfatizaron.<\/p>\n\n\n\n<p>Tambi\u00e9n circula un video en Facebook, donde se observa a Rogelio Franco, a dos de sus hijas y a Guillermina, quien las agrede verbal y f\u00edsicamente en la v\u00eda p\u00fablica.<\/p>\n\n\n\n<p>\u201cQue pena lo que est\u00e1 sucediendo en el tema de Rogelio Franco. Su ex pareja Guillermina Alvarado con el notable apoyo de las autoridades estatales se dice violentada. Pero nadie habla de la violencia f\u00edsica de ella a sus hijas\u201d, se lee en el texto que acompa\u00f1a al video publicado este domingo.<\/p>\n\n\n\n<p>El presidente nacional del PRD, Jes\u00fas Zambrano Grijalva, consider\u00f3 que Franco Cast\u00e1n fue detenido de manera ilegal y con acusaciones en una presunta denuncia por violencia intrafamiliar que no fue comprobada.<\/p>\n\n\n\n<p>Finalmente, critic\u00f3 que el arresto ocurriera 48 horas despu\u00e9s de que el Movimiento de Regeneraci\u00f3n Nacional (Morena) presentara una queja en el Organismo P\u00fablico Local Electoral (OPLE) de Veracruz contra la candidatura del exsecretario de Gobierno a una diputaci\u00f3n federal por la v\u00eda plurinominal del PRD.<\/p>\n","protected":false},"excerpt":{"rendered":"<p>Juan Arcos Xalapa, Ver.- El dirigente del Partido de la Revoluci\u00f3n Democr\u00e1tica (PRD) en Veracruz, Sergio Cadena Mart\u00ednez, consider\u00f3 que la detenci\u00f3n de su militante y exsecretario de gobierno, Rogelio \u201cN\u201d corresponde a una \u201cpersecuci\u00f3n pol\u00edtica\u201d. \u201cLo que observamos es la puesta en marcha de un plan desde el gobierno para golpear al perredismo veracruzano, [&hellip;]<\/p>\n","protected":false},"author":1,"featured_media":11946,"comment_status":"open","ping_status":"open","sticky":false,"template":"","format":"standard","meta":{"_jetpack_memberships_contains_paid_content":false,"footnotes":""},"categories":[2],"tags":[],"class_list":["post-11945","post","type-post","status-publish","format-standard","has-post-thumbnail","hentry","category-estado"],"jetpack_featured_media_url":"https:\/\/encuentroinformativo.com.mx\/wp-content\/uploads\/2021\/03\/4B3535A5-0BE6-47B2-9E26-B7CF60C4384F.jpeg","jetpack_sharing_enabled":true,"jetpack_likes_enabled":true,"amp_enabled":true,"_links":{"self":[{"href":"https:\/\/encuentroinformativo.com.mx\/index.php?rest_route=\/wp\/v2\/posts\/11945","targetHints":{"allow":["GET"]}}],"collection":[{"href":"https:\/\/encuentroinformativo.com.mx\/index.php?rest_route=\/wp\/v2\/posts"}],"about":[{"href":"https:\/\/encuentroinformativo.com.mx\/index.php?rest_route=\/wp\/v2\/types\/post"}],"author":[{"embeddable":true,"href":"https:\/\/encuentroinformativo.com.mx\/index.php?rest_route=\/wp\/v2\/users\/1"}],"replies":[{"embeddable":true,"href":"https:\/\/encuentroinformativo.com.mx\/index.php?rest_route=%2Fwp%2Fv2%2Fcomments&post=11945"}],"version-history":[{"count":1,"href":"https:\/\/encuentroinformativo.com.mx\/index.php?rest_route=\/wp\/v2\/posts\/11945\/revisions"}],"predecessor-version":[{"id":11947,"href":"https:\/\/encuentroinformativo.com.mx\/index.php?rest_route=\/wp\/v2\/posts\/11945\/revisions\/11947"}],"wp:featuredmedia":[{"embeddable":true,"href":"https:\/\/encuentroinformativo.com.mx\/index.php?rest_route=\/wp\/v2\/media\/11946"}],"wp:attachment":[{"href":"https:\/\/encuentroinformativo.com.mx\/index.php?rest_route=%2Fwp%2Fv2%2Fmedia&parent=11945"}],"wp:term":[{"taxonomy":"category","embeddable":true,"href":"https:\/\/encuentroinformativo.com.mx\/index.php?rest_route=%2Fwp%2Fv2%2Fcategories&post=11945"},{"taxonomy":"post_tag","embeddable":true,"href":"https:\/\/encuentroinformativo.com.mx\/index.php?rest_route=%2Fwp%2Fv2%2Ftags&post=11945"}],"curies":[{"name":"wp","href":"https:\/\/api.w.org\/{rel}","templated":true}]}}