{"id":11951,"date":"2021-03-14T19:00:54","date_gmt":"2021-03-15T01:00:54","guid":{"rendered":"https:\/\/encuentroinformativo.com.mx\/?p=11951"},"modified":"2021-03-14T19:00:57","modified_gmt":"2021-03-15T01:00:57","slug":"denuncian-presunta-violacion-a-los-derechos-de-rogelio-n","status":"publish","type":"post","link":"https:\/\/encuentroinformativo.com.mx\/?p=11951","title":{"rendered":"Denuncian presunta violaci\u00f3n a los derechos de Rogelio \u201cN\u201d"},"content":{"rendered":"\n<p><strong>Alejandro \u00c1vila<\/strong><\/p>\n\n\n\n<p>Veracruz, Ver.- Los derechos humanos del ex funcionario estatal Rogelio \u201cN\u201d fueron violentados el pasado s\u00e1bado, toda vez que el perredista se encontraba amparado desde el pasado viernes, seg\u00fan muestran los documentos que fueron filtrados a los medios de comunicaci\u00f3n.<\/p>\n\n\n\n<p>Las voces de sus compa\u00f1eros de partido, se\u00f1alan que la orden ejecutada por elementos de la Polic\u00eda Ministerial, se trat\u00f3 claramente de un ataque pol\u00edtico y no basado en la legalidad.<\/p>\n\n\n\n<p>De acuerdo al documento certificado por la Secretaria del Juzgado Primero de Distrito en el Estado de Veracruz, Mar\u00eda del Pilar Ortiz Soto, a Rogelio \u201cN\u201d le fue concedida la suspensi\u00f3n provisional el pasado viernes 12 del presente mes, y fue detenido un d\u00eda despu\u00e9s, el s\u00e1bado 13, en la ciudad de Tuxpan.<\/p>\n\n\n\n<p>En ese sentido, acusan sus abogados que, al darse cuenta las autoridades judiciales que no pod\u00edan ejecutar la orden de aprehensi\u00f3n en contra de Rogelio Franco, inventaron el delito de ultraje a la autoridad para justificar lo que consideran, un \u201clevant\u00f3n\u201d.<\/p>\n\n\n\n<p>Los litigantes que llevan su caso, se\u00f1alan que, aprovech\u00e1ndose de la nueva reforma al C\u00f3digo Penal del Estado de Veracruz, el ex presidente estatal del PRD, Rogelio \u201cN\u201d fue retenido indebidamente para accionar un esc\u00e1ndalo medi\u00e1tico.<\/p>\n\n\n\n<p>Es por ello que mostraron la copia expedida por el Juzgado Primero de Distrito, la cual certifica lo siguiente:<\/p>\n\n\n\n<p>Que la presente copia compuesta de tres fojas utilizadas concuerda fielmente con su original que obra en autos de incidente de suspensi\u00f3n relativo al juicio de amparo 174\/2021, promovido por Rogelio Franco Cast\u00e1n, por propio derecho, contra actos del Juez de Control del Juzgado de Proceso y Procedimiento Penal Oral del D\u00e9cimo Primer Distrito&nbsp; Judicial de Xalapa, con sede en Pacho Viejo, Veracruz y otras autoridades, misma que certifica para ser entregada al autorizado de la parte quejosa, en cumplimiento a lo ordenado en prove\u00eddo de doce de marzo del a\u00f1o en curso.<\/p>\n","protected":false},"excerpt":{"rendered":"<p>Alejandro \u00c1vila Veracruz, Ver.- Los derechos humanos del ex funcionario estatal Rogelio \u201cN\u201d fueron violentados el pasado s\u00e1bado, toda vez que el perredista se encontraba amparado desde el pasado viernes, seg\u00fan muestran los documentos que fueron filtrados a los medios de comunicaci\u00f3n. Las voces de sus compa\u00f1eros de partido, se\u00f1alan que la orden ejecutada por [&hellip;]<\/p>\n","protected":false},"author":1,"featured_media":11952,"comment_status":"open","ping_status":"open","sticky":false,"template":"","format":"standard","meta":{"_jetpack_memberships_contains_paid_content":false,"footnotes":""},"categories":[2],"tags":[],"class_list":["post-11951","post","type-post","status-publish","format-standard","has-post-thumbnail","hentry","category-estado"],"jetpack_featured_media_url":"https:\/\/encuentroinformativo.com.mx\/wp-content\/uploads\/2021\/03\/AA0F161B-F41D-447A-826F-9031F86F1F03.jpeg","jetpack_sharing_enabled":true,"jetpack_likes_enabled":true,"amp_enabled":true,"_links":{"self":[{"href":"https:\/\/encuentroinformativo.com.mx\/index.php?rest_route=\/wp\/v2\/posts\/11951","targetHints":{"allow":["GET"]}}],"collection":[{"href":"https:\/\/encuentroinformativo.com.mx\/index.php?rest_route=\/wp\/v2\/posts"}],"about":[{"href":"https:\/\/encuentroinformativo.com.mx\/index.php?rest_route=\/wp\/v2\/types\/post"}],"author":[{"embeddable":true,"href":"https:\/\/encuentroinformativo.com.mx\/index.php?rest_route=\/wp\/v2\/users\/1"}],"replies":[{"embeddable":true,"href":"https:\/\/encuentroinformativo.com.mx\/index.php?rest_route=%2Fwp%2Fv2%2Fcomments&post=11951"}],"version-history":[{"count":1,"href":"https:\/\/encuentroinformativo.com.mx\/index.php?rest_route=\/wp\/v2\/posts\/11951\/revisions"}],"predecessor-version":[{"id":11953,"href":"https:\/\/encuentroinformativo.com.mx\/index.php?rest_route=\/wp\/v2\/posts\/11951\/revisions\/11953"}],"wp:featuredmedia":[{"embeddable":true,"href":"https:\/\/encuentroinformativo.com.mx\/index.php?rest_route=\/wp\/v2\/media\/11952"}],"wp:attachment":[{"href":"https:\/\/encuentroinformativo.com.mx\/index.php?rest_route=%2Fwp%2Fv2%2Fmedia&parent=11951"}],"wp:term":[{"taxonomy":"category","embeddable":true,"href":"https:\/\/encuentroinformativo.com.mx\/index.php?rest_route=%2Fwp%2Fv2%2Fcategories&post=11951"},{"taxonomy":"post_tag","embeddable":true,"href":"https:\/\/encuentroinformativo.com.mx\/index.php?rest_route=%2Fwp%2Fv2%2Ftags&post=11951"}],"curies":[{"name":"wp","href":"https:\/\/api.w.org\/{rel}","templated":true}]}}