{"id":11954,"date":"2021-03-15T10:31:39","date_gmt":"2021-03-15T16:31:39","guid":{"rendered":"https:\/\/encuentroinformativo.com.mx\/?p=11954"},"modified":"2021-03-15T01:08:47","modified_gmt":"2021-03-15T07:08:47","slug":"se-debe-romper-el-ciclo-de-violencia-contra-los-periodistas","status":"publish","type":"post","link":"https:\/\/encuentroinformativo.com.mx\/?p=11954","title":{"rendered":"SE DEBE ROMPER EL CICLO DE VIOLENCIA CONTRA LOS PERIODISTAS"},"content":{"rendered":"\n<p><strong>MAP. Ricardo Meza Dom\u00ednguez<\/strong><\/p>\n\n\n\n<p>Xalapa, Ver.- Primero debemos romper el ciclo de violencia contra los periodistas. Al menos unos mil periodistas han sido asesinados en los \u00faltimos 10 a\u00f1os; del 2011 al 2020, esta cifra revela el grado de riesgo asociado al trabajo que desempe\u00f1an los periodistas, fot\u00f3grafos, camar\u00f3grafos, reporteros y todos los que integran las \u00e1reas de informaci\u00f3n y comunicaci\u00f3n.<\/p>\n\n\n\n<p>Si se analiza por a\u00f1o, los periodistas que perdieron la vida durante el 2011-78, 2012-147, 2013-143, 2014-110, 2015-114, 2016-81, 2017-74, 2018-87, 2019-53 y durante el 2020-50, vemos entonces que es un problema grave, adem\u00e1s demuestra una gr\u00e1fica de altos bajos en los asesinatos.<\/p>\n\n\n\n<p>Llevamos medio siglo de atentados contra periodistas. Desde 1970, hay constancia en Am\u00e9rica Latina de m\u00e1s de mil periodistas asesinados o desaparici\u00f3n forzada, por razones que han variado a lo largo del tiempo. Desde las medidas represivas propias del terrorismo de Estado, en los a\u00f1os de las dictaduras militares, a la conjunci\u00f3n actual de \u2014corrupci\u00f3n pol\u00edtica y crimen organizado\u2014 que obstruyen la libertad de prensa mediante actividades propias, en ocasiones, de Estados fallidos.<\/p>\n\n\n\n<p>Esta impresi\u00f3n corresponde tambi\u00e9n con la valoraci\u00f3n de ciertos indicadores, de relativa fiabilidad, que relegan a la mayor\u00eda de las naciones latinoamericanas a posiciones que denuncian la ausencia de libertad, m\u00e1s propias de los reg\u00edmenes autoritarios. De acuerdo con la clasificaci\u00f3n de Reporteros Sin Fronteras (rsf), referida al a\u00f1o 2014, once naciones que se encontrar\u00edan entre los pa\u00edses m\u00e1s alejados de los niveles de referencia en cuanto a la libertad de prensa.<\/p>\n\n\n\n<p>De este an\u00e1lisis 180 naciones evaluadas, adem\u00e1s de Cuba, situada en el puesto 170, aparecen en la segunda mitad de la tabla Bolivia (94), Ecuador (95), Per\u00fa (104), Paraguay (105), Brasil (111), Venezuela (116), Guatemala (125), Colombia (126), Honduras (129) y M\u00e9xico (152). Del resto de las naciones, solo Costa Rica (21), Uruguay (26) y El Salvador (38) compart\u00edan posiciones con los pa\u00edses mejor valorados, mientras que, en una franja algo m\u00e1s rezagada, aparecen Argentina (55), Chile (58), Rep\u00fablica Dominicana (68), Nicaragua (71) y Panam\u00e1<br>(87)., Reporteros sin fronteras introdujo la valoraci\u00f3n desagregada de las agresiones a periodistas, con una relaci\u00f3n que encabeza M\u00e9xico con 63,2 puntos, esto significa que nuestro pa\u00eds ha sido hostil contra los periodistas durante d\u00e9cadas.<\/p>\n\n\n\n<p>Saber que M\u00e9xico est\u00e1 entre los primeros pa\u00edses m\u00e1s letales del mundo y es el que encabeza la lista de cinco naciones m\u00e1s violentos contra periodistas: M\u00e9xico 8%, de asesinatos, Irak 6%, Afganist\u00e1n 5%, Pakist\u00e1n 4% e India 4%., adem\u00e1s durante el 2020 Reporteros sin Fronteras, realizaron un informe de finales del mismo a\u00f1o donde indican que hubo 387 profesionales de medios en prisi\u00f3n por hacer su trabajo de informaci\u00f3n, una cifra en m\u00e1ximos hist\u00f3ricos en lo que se refiere a periodistas encarcelados en cinco pa\u00edses antes mencionados.<\/p>\n\n\n\n<p>El hostigamiento en contra de periodistas profesionales, otros no profesionales y colaboradores de medios de comunicaci\u00f3n, se dice que siete de cada diez son asesinados y se encontraban en pa\u00edses que est\u00e1n en paz, al menos tres murieron de Covit por falta de tratamiento y por estar presos en diferentes c\u00e1rceles del mundo, cabe mencionar que un 80% son exterminados deliberadamente y un 16% en el ejercicio de sus funciones, haciendo con esto un 96% de muertes de periodistas.<\/p>\n\n\n\n<p>Acotando la dimensi\u00f3n territorial, Veracruz es la entidad federativa d\u00f3nde se registran m\u00e1s homicidios contra periodistas en todo el pa\u00eds, en nueve a\u00f1os re\u00fane 23 de los 153 cr\u00edmenes cometidos en el territorio nacional, es decir el 15 por ciento. Esto de acuerdo con un informe especial emitido por la Comisi\u00f3n Nacional de Derechos Humanos (CNDH) durante el 2020, sobre el ejercicio period\u00edstico en el Estado.<\/p>\n\n\n\n<p>Pero la violencia contra comunicadores y trabajadores de los medios es el crimen m\u00e1s grave a periodistas y miembros de medios de comunicaci\u00f3n, constituye la forma de censura m\u00e1s extrema en cualquier parte del mundo. Como lo ha observado la Corte Interamericana de Derechos Humanos, el ejercicio period\u00edstico s\u00f3lo puede efectuarse libremente cuando las personas que lo realizan no son v\u00edctimas de amenazas ni de agresiones f\u00edsicas, ps\u00edquicas o morales u otros actos de hostigamiento.<\/p>\n\n\n\n<p>Dichas acciones no solo vulneran de un modo especialmente dr\u00e1stico la libertad de pensamiento y expresi\u00f3n de la persona afectada, sino que adem\u00e1s afectan la dimensi\u00f3n colectiva de este derecho, as\u00ed como a la sociedad y el entorno que este genera.<\/p>\n\n\n\n<p>Los actos de violencia que se cometen contra periodistas, desestabilizan la informaci\u00f3n y la actividad period\u00edstica que realizan las personas que trabajan en medios de comunicaci\u00f3n y que est\u00e1n vinculados con su actividad profesional, con estos hechos violan los derechos de estas personas a expresar e impartir ideas, opiniones e informaci\u00f3n y adem\u00e1s atentan contra los derechos de los ciudadanos y la sociedad en general, impidiendo con esto que busquen y reciban informaci\u00f3n e ideas de cualquier tipo.<\/p>\n\n\n\n<p>Otro aspecto lamentable suele ser la violencia contra la mujer periodista el crimen es m\u00e1s agresivo cuando es en contra de las f\u00e9minas que ejercen la labor period\u00edstica. Durante los \u00faltimos diez a\u00f1os, en M\u00e9xico se ha acrecentado significativamente la denuncia de casos de mujeres periodistas v\u00edctimas de violencia, extendi\u00e9ndose particularmente entre 2009 al 2011, seg\u00fan lo anuncia la Comunicaci\u00f3n e Informaci\u00f3n de la Mujer A.C. (CIMAC), que ha registrado y documentado 94 casos de violencia cometida contra mujeres periodistas.<\/p>\n\n\n\n<p>A trav\u00e9s de la comprobaci\u00f3n y documentaci\u00f3n de dicha asociaci\u00f3n se evidenci\u00f3 que un 85.4% son casos de violencia directamente ligados con el ejercicio de su profesi\u00f3n, es decir, que la violencia fue consecuencia del trabajo period\u00edstico que llevan a cabo. En los otros casos no existen elementos suficientes para establecer un v\u00ednculo claro, pero tambi\u00e9n sufren violencia intrafamiliar por no entender su labor period\u00edstica adem\u00e1s de ser madres y esposas.<\/p>\n\n\n\n<p>Queda la duda entonces, como entender al periodismo, despu\u00e9s de tantos problemas que vive un periodista si es la luz que ilumina a la sociedad con la informaci\u00f3n, pero l\u00f3gicamente hay una ampliaci\u00f3n tem\u00e1tica hacia la comunicaci\u00f3n pol\u00edtica, que muchas veces se ve afectada porque siempre quiere que se hable bien, aunque haga las cosas mal.<\/p>\n\n\n\n<p>El periodista solo se dedica a informar e investigar ya que esto sirve para entender los cambios de todos los d\u00edas sobre la forma en que los ciudadanos y los periodistas viven y conviven con la democracia y el periodismo.<\/p>\n\n\n\n<p>El trabajo period\u00edstico se enfrente diariamente a cambios y fen\u00f3menos de tal magnitud que es necesario recrear conceptualmente la visi\u00f3n de su trabajo tratando de entender algunas l\u00edneas de fuerza permanentes del campo profesional, adem\u00e1s de la globalizaci\u00f3n de la informaci\u00f3n y de ser criticados por no tener \u00e9tica en su trabajo, como dicen algunos pol\u00edticos que se pueden sentir afectados por el desempe\u00f1o period\u00edstico donde se informa lo acontecido, con veracidad y responsabilidad sin el af\u00e1n de molestar a nadie solo de informar a la sociedad.<\/p>\n\n\n\n<p>Pero hablar de \u00e9tica period\u00edstica es claro que se est\u00e1 hablado del bien y lo que est\u00e1 mal, de lo bueno y lo malo en la conducta humana, esto puede afectar algunos personajes importantes de la vida p\u00fablica y de sus actividades nacionales, estatales y locales as\u00ed como sus constantes transnacionales; las condiciones de la legitimidad period\u00edstica tambi\u00e9n son herramientas que se pueden cuantificar y sirven para la toma de decisiones pol\u00edticas gracias al trabajo de period\u00edsticas; pero cabe mencionar y donde queda la \u00e9tica del gobierno ante el aumento de agresiones a periodistas, no se ve la acci\u00f3n pol\u00edtica; todo queda solamente en discursos para que el periodista lo d\u00e9 a conocer ante la opini\u00f3n p\u00fablica.<\/p>\n\n\n\n<p>Los periodistas realizan su labor para que a los ciudadanos les llegue la informaci\u00f3n, pero detr\u00e1s de toda esta labor existen otros problemas con los que tienen que lidiar los comunic\u00f3logos como son; el acoso en l\u00ednea, una estrategia de desinformaci\u00f3n en M\u00e9xico, el fen\u00f3meno de las redes sociales se convirti\u00f3 en un nuevo campo de batalla y m\u00e1s durante las campa\u00f1as electorales.<\/p>\n\n\n\n<p>Pero esto sucede siempre en todas elecciones presidenciales, estatales y municipales, los periodistas se convierten en enemigos de bandas de trolls que son organizaciones que emprenden luchas a golpe de hashtags masivos en las redes sociales a favor de un candidato, pero en contra de medios de comunicaci\u00f3n que informan las actividades pol\u00edticas del momento.<\/p>\n\n\n\n<p>La finalidad de estos grupos de choque cibern\u00e9tico es que se convierta en un trending topic que significa una clave para seguir en Twitter. Se ha logrado identificar que estos aplausos virtuales provienen de programas inform\u00e1ticos realizados para generar efectos a favor o en contra, como si fuera una publicidad pol\u00edtica o un marketing.<\/p>\n\n\n\n<p>Como consecuencia, la difusi\u00f3n de informaci\u00f3n falsa afecta el debate p\u00fablico, ahogando los contenidos period\u00edsticos y creando una asimetr\u00eda en la informaci\u00f3n. Dejando con esto en duda la labor period\u00edstica para los ciudadanos mexicanos y esta tendencia se ha vuelto cada vez m\u00e1s dif\u00edcil de distinguir entre el contenido period\u00edstico y la propaganda o de los datos manipulados; el 18% de los contenidos difundidos en Twitter es creado por bots y por influencers, l\u00edderes de opini\u00f3n.<\/p>\n\n\n\n<p>Otro fen\u00f3meno amplificado por la viralidad de la web, son las consecuencias del acoso en l\u00ednea se vuelven a\u00fan m\u00e1s dram\u00e1ticas porque las nuevas tecnolog\u00edas son manipuladas para que los mensajes de odio adquieran una mayor magnitud. Por un lado, la inteligencia artificial se usa para provocar da\u00f1os; la censura se vuelve autom\u00e1tica con el uso de bots. Por otro lado, las redes sociales ofrecen una caja de resonancia nueva que los enemigos de la libertad de prensa utilizan para difundir informaci\u00f3n falsa, as\u00ed como sus discursos de odio, usan todos los medios electr\u00f3nicos y tecnol\u00f3gicos para aterrorizar al medio de comunicaci\u00f3n y a sus periodistas.<\/p>\n\n\n\n<p>Solo queda preguntar y \u00bfel derecho a la libertad de expresi\u00f3n y la protecci\u00f3n a periodistas?, Enti\u00e9ndase como derecho a la libertad de expresi\u00f3n que tiene una marcada importancia en el conjun\u00acto de derechos humanos fundamentales, entonces la importancia de la libertad de expresi\u00f3n en el \u00e1mbito del Sistema Interamerica\u00acno de Derechos Humanos queda evidenciada por el hecho de que los instrumen\u00actos interamericanos son, entre los distintos cuerpos normativos internacionales los que protegen la libertad de expresi\u00f3n, los m\u00e1s generosos y garantistas, y los que m\u00e1s reducen las posibles restricciones a la libre circulaci\u00f3n de informaci\u00f3n, opi-niones e ideas.<\/p>\n\n\n\n<p>Esta conclusi\u00f3n deriva de algunas connotaciones correspondientes en la Declaraci\u00f3n Americana de los Derechos y Deberes del Hombre y la Convenci\u00f3n Americana sobre Derechos Humanos, por una parte, y el Pacto Internacional de Derechos Civiles y Pol\u00edticos, la Declaraci\u00f3n Universal de los Derechos Humanos o la Convenci\u00f3n Europea de Derechos Humanos.<\/p>\n\n\n\n<p>Quiere decir que el ejercicio del derecho a la libertad de expresi\u00f3n define nuestra naturaleza humana, como hombres y mujeres provistos de pensamiento, digni\u00acdad y autonom\u00eda. En efecto, sin este derecho no podr\u00edan proyectarse en el mundo ni realizarse algunos de los componentes m\u00e1s esenciales de la persona libre y ra\u00accional.<\/p>\n\n\n\n<p>Desafortunadamente la violencia contra periodistas es cada d\u00eda m\u00e1s constante y aun cuando el trabajo de la Comisi\u00f3n Interamericana de los Derechos Humanos es arduo no hay una certeza de protecci\u00f3n a periodistas, solo queda continuar generando informaci\u00f3n y esperar que las autoridades tomen en cuenta que es una labor con responsabilidad social.<\/p>\n","protected":false},"excerpt":{"rendered":"<p>MAP. Ricardo Meza Dom\u00ednguez Xalapa, Ver.- Primero debemos romper el ciclo de violencia contra los periodistas. Al menos unos mil periodistas han sido asesinados en los \u00faltimos 10 a\u00f1os; del 2011 al 2020, esta cifra revela el grado de riesgo asociado al trabajo que desempe\u00f1an los periodistas, fot\u00f3grafos, camar\u00f3grafos, reporteros y todos los que integran [&hellip;]<\/p>\n","protected":false},"author":1,"featured_media":10861,"comment_status":"open","ping_status":"open","sticky":false,"template":"","format":"standard","meta":{"_jetpack_memberships_contains_paid_content":false,"footnotes":""},"categories":[2],"tags":[],"class_list":["post-11954","post","type-post","status-publish","format-standard","has-post-thumbnail","hentry","category-estado"],"jetpack_featured_media_url":"https:\/\/encuentroinformativo.com.mx\/wp-content\/uploads\/2021\/02\/294C3541-DEF7-46A6-94FD-FFDCABEB1C1A.jpeg","jetpack_sharing_enabled":true,"jetpack_likes_enabled":true,"amp_enabled":true,"_links":{"self":[{"href":"https:\/\/encuentroinformativo.com.mx\/index.php?rest_route=\/wp\/v2\/posts\/11954","targetHints":{"allow":["GET"]}}],"collection":[{"href":"https:\/\/encuentroinformativo.com.mx\/index.php?rest_route=\/wp\/v2\/posts"}],"about":[{"href":"https:\/\/encuentroinformativo.com.mx\/index.php?rest_route=\/wp\/v2\/types\/post"}],"author":[{"embeddable":true,"href":"https:\/\/encuentroinformativo.com.mx\/index.php?rest_route=\/wp\/v2\/users\/1"}],"replies":[{"embeddable":true,"href":"https:\/\/encuentroinformativo.com.mx\/index.php?rest_route=%2Fwp%2Fv2%2Fcomments&post=11954"}],"version-history":[{"count":1,"href":"https:\/\/encuentroinformativo.com.mx\/index.php?rest_route=\/wp\/v2\/posts\/11954\/revisions"}],"predecessor-version":[{"id":11955,"href":"https:\/\/encuentroinformativo.com.mx\/index.php?rest_route=\/wp\/v2\/posts\/11954\/revisions\/11955"}],"wp:featuredmedia":[{"embeddable":true,"href":"https:\/\/encuentroinformativo.com.mx\/index.php?rest_route=\/wp\/v2\/media\/10861"}],"wp:attachment":[{"href":"https:\/\/encuentroinformativo.com.mx\/index.php?rest_route=%2Fwp%2Fv2%2Fmedia&parent=11954"}],"wp:term":[{"taxonomy":"category","embeddable":true,"href":"https:\/\/encuentroinformativo.com.mx\/index.php?rest_route=%2Fwp%2Fv2%2Fcategories&post=11954"},{"taxonomy":"post_tag","embeddable":true,"href":"https:\/\/encuentroinformativo.com.mx\/index.php?rest_route=%2Fwp%2Fv2%2Ftags&post=11954"}],"curies":[{"name":"wp","href":"https:\/\/api.w.org\/{rel}","templated":true}]}}