{"id":11958,"date":"2021-03-15T09:43:13","date_gmt":"2021-03-15T15:43:13","guid":{"rendered":"https:\/\/encuentroinformativo.com.mx\/?p=11958"},"modified":"2021-03-15T09:43:17","modified_gmt":"2021-03-15T15:43:17","slug":"la-vacuna-de-don-jorge","status":"publish","type":"post","link":"https:\/\/encuentroinformativo.com.mx\/?p=11958","title":{"rendered":"La vacuna de don Jorge"},"content":{"rendered":"\n<p><strong>Los Pol\u00edticos<\/strong><\/p>\n\n\n\n<p><strong>Salvador Mu\u00f1oz<\/strong><\/p>\n\n\n\n<p>Mi ego cay\u00f3 cuan largo es en el pavimento, despu\u00e9s del tremendo derechazo verbal que me pusiera mi vecino Don Jorge\u2026 ya me iba, ya me retiraba, ya me hab\u00eda despedido, pero su voz me hizo voltear para recibir mero en la barbilla su pregunta: \u201c\u00bfY a usted, cu\u00e1ndo le toca?\u201d<\/p>\n\n\n\n<p>Quiz\u00e1s las barbas blancas, o esas canas por un lado y por otro de mi cabellera, o las ojeras m\u00e1s pronunciadas por ya no ponerme lentes, es que \u201cdi el viejazo\u201d y no me hab\u00eda dado cuenta.<\/p>\n\n\n\n<p>Le respond\u00ed que no\u2026 que \u201ctodav\u00eda no me toca\u201d&#8230; para no decirle que a\u00fan no soy de la tercera edad, pero creo que entendi\u00f3 que me refer\u00eda a la letra para ya s\u00f3lo pedir que me cuidara, mientras con sus 71 a\u00f1os encima, atravesara la calle rumbo a su casa.<\/p>\n\n\n\n<p>Don Jorge detuvo mi caminata esa ma\u00f1ana. Se ve que ten\u00eda ganas de contar que ya estaba vacunado contra el Covid-19 y se le ve\u00eda: no tra\u00eda cubrebocas&#8230; de ese tama\u00f1o su confianza.. Me cuenta que el s\u00e1bado acudi\u00f3 al estadio Heriberto Jara Corona pero no fue de los que pernoct\u00f3 en el centro de vacunaci\u00f3n. Sigui\u00f3 los consejos de algunos que le recomendaron que se fuera al medio d\u00eda, porque iba a estar m\u00e1s tranquilo. Y lleg\u00f3 a las 13:15 horas.<\/p>\n\n\n\n<p>\u2013\u00bfY qu\u00e9 tal la fila\u2013 le pregunt\u00e9\u2026<\/p>\n\n\n\n<p>\u2013\u00a1Como si fueran nueve cuadras!<\/p>\n\n\n\n<p>Me cuenta que la fila iba desde el Estadio hasta como si fuera uno a la Cl\u00ednica 11, y all\u00ed, en ese punto, se regresaba una, dos, tres veces en aquella calle, por eso calcula que la fila era como de nueve cuadras.<\/p>\n\n\n\n<p>La fila avanzaba lentamente y hab\u00eda momentos en que se daban varios pasos para volver a la quietud, a la inmovilidad por varios y varios minutos\u2026 tuvo oportunidad de ver a servidores de la naci\u00f3n que hac\u00edan pasar directamente a algunas personas de la tercera edad que usaban bast\u00f3n, silla de ruedas o que, como dice \u00e9l, ya se ve\u00edan muy viejitos, encorvados, cansados. Don Jorge, como les dec\u00eda, con sus 71 a\u00f1os se ve fuerte\u2026 el cascar\u00f3n en enga\u00f1oso.<\/p>\n\n\n\n<p>Don Jorge acepta haber cometido un error: no haber comido o almorzado. No pens\u00f3 que se fuera a tardar tanto tiempo\u2026 \u00bfy a qu\u00e9 le llama tanto tiempo? \u00a1casi siete horas! S\u00ed, desde la una de la tarde hasta m\u00e1s all\u00e1 de las 19 horas sin bocado\u2026 si bien, cerca de la Cl\u00ednica 11 hay varios puestos de comida, no se atrevi\u00f3 a comprar algunas de las tortas que por all\u00ed vend\u00edan o quiz\u00e1s algunos tacos\u2026 le dieron desconfianza.<\/p>\n\n\n\n<p>Fue cerca de las siete de la noche que por fin se plant\u00f3 frente a personal de Salud y tras los tr\u00e1mites correspondientes, recibi\u00f3 su vacuna. Ya estaba pensando en tomar el cami\u00f3n para enfilarse a Jardines de Xalapa cuando le dijeron que no, que se ten\u00eda que esperar media hora, sentado, por si \u201clas recochinas reacciones\u201d&#8230; el asunto es que si se sal\u00eda antes de esperar ese lapso recomendado, le dec\u00eda personal de salud, les podr\u00edan llamar la atenci\u00f3n.<\/p>\n\n\n\n<p>Agradece don Jorge la atenci\u00f3n que recibi\u00f3 de personal de Salud, aunque s\u00ed cree que desplazarse de su domicilio hasta el Heriberto Jara Corona, es una distancia considerable. Piensa que bien se pudo ubicar un m\u00f3dulo de vacunaci\u00f3n m\u00e1s cercano\u2026<\/p>\n\n\n\n<p>No le gusta hablar de pol\u00edtica, me dice sin que yo se lo pregunte, porque no le gusta meter ideas a las otras personas, \u201cno quiero ser una persona t\u00f3xica\u201d, pero agradece a L\u00f3pez Obrador por los apoyos que recibe, cuando me dice que su pensi\u00f3n es muy-muy bajita\u2026 lo felicito, en lo particular me da gusto que al menos no tenga la incertidumbre de estirar una pensi\u00f3n raqu\u00edtica\u2026<\/p>\n\n\n\n<p>Ahora, me dice, a esperar 21 d\u00edas, \u201co un mes \u2013agrega\u2013 para la segunda dosis\u2026 me dijeron que no me desesperara\u201d&#8230;<\/p>\n\n\n\n<p>Me despido y apenas doy la espalda, me avienta el trancazo: \u201c\u00bfY a usted, cu\u00e1ndo le toca?\u201d<\/p>\n\n\n\n<p>\u00a1Ouch! \u00a1S\u00ed doli\u00f3!<\/p>\n\n\n\n<p><a>smcainito@gmail.com<\/a><\/p>\n","protected":false},"excerpt":{"rendered":"<p>Los Pol\u00edticos Salvador Mu\u00f1oz Mi ego cay\u00f3 cuan largo es en el pavimento, despu\u00e9s del tremendo derechazo verbal que me pusiera mi vecino Don Jorge\u2026 ya me iba, ya me retiraba, ya me hab\u00eda despedido, pero su voz me hizo voltear para recibir mero en la barbilla su pregunta: \u201c\u00bfY a usted, cu\u00e1ndo le toca?\u201d [&hellip;]<\/p>\n","protected":false},"author":1,"featured_media":70,"comment_status":"open","ping_status":"open","sticky":false,"template":"","format":"standard","meta":{"_jetpack_memberships_contains_paid_content":false,"footnotes":""},"categories":[11],"tags":[],"class_list":["post-11958","post","type-post","status-publish","format-standard","has-post-thumbnail","hentry","category-opinion"],"jetpack_featured_media_url":"https:\/\/encuentroinformativo.com.mx\/wp-content\/uploads\/2020\/02\/opinion-invitado.jpg","jetpack_sharing_enabled":true,"jetpack_likes_enabled":true,"amp_enabled":true,"_links":{"self":[{"href":"https:\/\/encuentroinformativo.com.mx\/index.php?rest_route=\/wp\/v2\/posts\/11958","targetHints":{"allow":["GET"]}}],"collection":[{"href":"https:\/\/encuentroinformativo.com.mx\/index.php?rest_route=\/wp\/v2\/posts"}],"about":[{"href":"https:\/\/encuentroinformativo.com.mx\/index.php?rest_route=\/wp\/v2\/types\/post"}],"author":[{"embeddable":true,"href":"https:\/\/encuentroinformativo.com.mx\/index.php?rest_route=\/wp\/v2\/users\/1"}],"replies":[{"embeddable":true,"href":"https:\/\/encuentroinformativo.com.mx\/index.php?rest_route=%2Fwp%2Fv2%2Fcomments&post=11958"}],"version-history":[{"count":1,"href":"https:\/\/encuentroinformativo.com.mx\/index.php?rest_route=\/wp\/v2\/posts\/11958\/revisions"}],"predecessor-version":[{"id":11959,"href":"https:\/\/encuentroinformativo.com.mx\/index.php?rest_route=\/wp\/v2\/posts\/11958\/revisions\/11959"}],"wp:featuredmedia":[{"embeddable":true,"href":"https:\/\/encuentroinformativo.com.mx\/index.php?rest_route=\/wp\/v2\/media\/70"}],"wp:attachment":[{"href":"https:\/\/encuentroinformativo.com.mx\/index.php?rest_route=%2Fwp%2Fv2%2Fmedia&parent=11958"}],"wp:term":[{"taxonomy":"category","embeddable":true,"href":"https:\/\/encuentroinformativo.com.mx\/index.php?rest_route=%2Fwp%2Fv2%2Fcategories&post=11958"},{"taxonomy":"post_tag","embeddable":true,"href":"https:\/\/encuentroinformativo.com.mx\/index.php?rest_route=%2Fwp%2Fv2%2Ftags&post=11958"}],"curies":[{"name":"wp","href":"https:\/\/api.w.org\/{rel}","templated":true}]}}