{"id":11960,"date":"2021-03-15T11:15:27","date_gmt":"2021-03-15T17:15:27","guid":{"rendered":"https:\/\/encuentroinformativo.com.mx\/?p=11960"},"modified":"2021-03-15T11:15:30","modified_gmt":"2021-03-15T17:15:30","slug":"acorde-al-semaforo-ayuntamiento-de-veracruz-presentara-actividades-turisticas-de-semana-santa","status":"publish","type":"post","link":"https:\/\/encuentroinformativo.com.mx\/?p=11960","title":{"rendered":"Acorde al sem\u00e1foro, Ayuntamiento de Veracruz presentar\u00e1 actividades tur\u00edsticas de Semana Santa"},"content":{"rendered":"\n<p><strong>Alejandro \u00c1vila<\/strong><\/p>\n\n\n\n<p>Veracruz, Ver.- El operativo y las actividades tur\u00edsticas que prepara el Ayuntamiento de Veracruz para la temporada vacacional de Semana Santa, depender\u00e1n de la semaforizaci\u00f3n que se tenga a la fecha de su presentaci\u00f3n, el d\u00eda 26 de marzo.<\/p>\n\n\n\n<p>El director de Turismo y Cultura, Jos\u00e9 Antonio Salvatori Bronca, se\u00f1al\u00f3 que ya se tiene un primer proyecto de actividades que se realizar\u00edan del 29 de marzo al 11 de abril en la ciudad de Veracruz, donde se concentra el mayor n\u00famero de visitantes en esta temporada vacacional.<\/p>\n\n\n\n<p>&#8220;Dentro de esas actividades son talleres, presentaciones artisticas en lo que viene siendo el z\u00f3calo de la ciudad, los callejones del Centro Hist\u00f3rico, y con eso estaremos reactivando todo lo que viene siendo el Centro Hist\u00f3rico y dandole tambi\u00e9n una serie de actividades a los turistas, siempre y cuando el semaforo nos lo permita&#8221;, expres\u00f3.<\/p>\n\n\n\n<p>Si bien aclar\u00f3 que existen varias actividades presenciales al momento, estas se podr\u00e1n realizar con todas las medidas sanitarias de costumbre como, el cupo limitado de personas y los filtros sanitarios adecuados; aunque tambi\u00e9n se\u00f1al\u00f3 que algunas podr\u00edan cancelarse o variar, en caso de cambiar el semaforo de color.<\/p>\n\n\n\n<p>A\u00f1adio que la supervisi\u00f3n de playas, restaurantes y bares, el trabajo de inspecci\u00f3n lo supervisar\u00e1n las direcciones de Comercio, Gobernaci\u00f3n y Protecci\u00f3n Civil, mismas que completar\u00e1n el operativo de Semana Santa que ser\u00e1 coordinado por la Polic\u00eda Naval.<\/p>\n","protected":false},"excerpt":{"rendered":"<p>Alejandro \u00c1vila Veracruz, Ver.- El operativo y las actividades tur\u00edsticas que prepara el Ayuntamiento de Veracruz para la temporada vacacional de Semana Santa, depender\u00e1n de la semaforizaci\u00f3n que se tenga a la fecha de su presentaci\u00f3n, el d\u00eda 26 de marzo. El director de Turismo y Cultura, Jos\u00e9 Antonio Salvatori Bronca, se\u00f1al\u00f3 que ya se [&hellip;]<\/p>\n","protected":false},"author":1,"featured_media":11961,"comment_status":"open","ping_status":"open","sticky":false,"template":"","format":"standard","meta":{"_jetpack_memberships_contains_paid_content":false,"footnotes":""},"categories":[2],"tags":[],"class_list":["post-11960","post","type-post","status-publish","format-standard","has-post-thumbnail","hentry","category-estado"],"jetpack_featured_media_url":"https:\/\/encuentroinformativo.com.mx\/wp-content\/uploads\/2021\/03\/B95B0238-87F3-45DC-8FFA-FEAA09327F00.jpeg","jetpack_sharing_enabled":true,"jetpack_likes_enabled":true,"amp_enabled":true,"_links":{"self":[{"href":"https:\/\/encuentroinformativo.com.mx\/index.php?rest_route=\/wp\/v2\/posts\/11960","targetHints":{"allow":["GET"]}}],"collection":[{"href":"https:\/\/encuentroinformativo.com.mx\/index.php?rest_route=\/wp\/v2\/posts"}],"about":[{"href":"https:\/\/encuentroinformativo.com.mx\/index.php?rest_route=\/wp\/v2\/types\/post"}],"author":[{"embeddable":true,"href":"https:\/\/encuentroinformativo.com.mx\/index.php?rest_route=\/wp\/v2\/users\/1"}],"replies":[{"embeddable":true,"href":"https:\/\/encuentroinformativo.com.mx\/index.php?rest_route=%2Fwp%2Fv2%2Fcomments&post=11960"}],"version-history":[{"count":1,"href":"https:\/\/encuentroinformativo.com.mx\/index.php?rest_route=\/wp\/v2\/posts\/11960\/revisions"}],"predecessor-version":[{"id":11962,"href":"https:\/\/encuentroinformativo.com.mx\/index.php?rest_route=\/wp\/v2\/posts\/11960\/revisions\/11962"}],"wp:featuredmedia":[{"embeddable":true,"href":"https:\/\/encuentroinformativo.com.mx\/index.php?rest_route=\/wp\/v2\/media\/11961"}],"wp:attachment":[{"href":"https:\/\/encuentroinformativo.com.mx\/index.php?rest_route=%2Fwp%2Fv2%2Fmedia&parent=11960"}],"wp:term":[{"taxonomy":"category","embeddable":true,"href":"https:\/\/encuentroinformativo.com.mx\/index.php?rest_route=%2Fwp%2Fv2%2Fcategories&post=11960"},{"taxonomy":"post_tag","embeddable":true,"href":"https:\/\/encuentroinformativo.com.mx\/index.php?rest_route=%2Fwp%2Fv2%2Ftags&post=11960"}],"curies":[{"name":"wp","href":"https:\/\/api.w.org\/{rel}","templated":true}]}}