{"id":11969,"date":"2021-03-15T11:59:44","date_gmt":"2021-03-15T17:59:44","guid":{"rendered":"https:\/\/encuentroinformativo.com.mx\/?p=11969"},"modified":"2021-03-15T11:59:47","modified_gmt":"2021-03-15T17:59:47","slug":"disminuye-afluencia-a-modulos-de-vacunacion-covid","status":"publish","type":"post","link":"https:\/\/encuentroinformativo.com.mx\/?p=11969","title":{"rendered":"Disminuye afluencia a m\u00f3dulos de vacunaci\u00f3n Covid"},"content":{"rendered":"\n<p><strong>Dar\u00edo Pale <\/strong><\/p>\n\n\n\n<p>Xalapa, Ver.- El d\u00eda de hoy se registr\u00f3 menos afluencia\u00a0en los m\u00f3dulos de vacunaci\u00f3n contra COVID-19 a adultos mayores en Xalapa a diferencia de los primeros d\u00edas ya no se registran grandes filas o aglomeraciones.<\/p>\n\n\n\n<p>El Delegado del Bienestar en Veracruz, Manuel Huerta Ladr\u00f3n de Guevara, dio a conocer que con\u00a0el pasar de los d\u00edas\u00a0es notable la disminuci\u00f3n de la cantidad de personas, esto ya estaba previsto por el m\u00e9todo usado para la vacunaci\u00f3n que va de acuerdo al orden alfab\u00e9tico de las iniciales de los apellidos.<\/p>\n\n\n\n<p>&#8220;En la organizaci\u00f3n, quien nos sugiri\u00f3 esto de las letras nos habl\u00f3 de la Teor\u00eda de Collage, que significa que a principio de agolpa por las primeras letras y ya al final se va aflojando el flujo de las personas&#8221;, se\u00f1al\u00f3.<\/p>\n\n\n\n<p>De igual forma es notable que a partir del medio d\u00eda disminuye la cantidad de personas formadas y se agiliza a\u00fan m\u00e1s el proceso de vacunaci\u00f3n, aunque siguen llevando personas a formarse desde la noche anterior o durante la madrugada: &#8220;Todo ese empuje de la ma\u00f1ana hace que de repente se colapse el inicio&#8221;.<\/p>\n\n\n\n<p>Manuel Huerta subray\u00f3 que el c\u00e1lculo del Gobierno Estatal dio resultados, pues se estima que las vacunas sean suficientes para la poblaci\u00f3n adulta mayor: &#8220;M\u00e1s o menos le calculamos bien y tenemos una cobertura importante, sin embargo siempre tenemos que hacer ajustes operativos para que la gente est\u00e9 lo mejor posible&#8221;.<\/p>\n\n\n\n<p>Por lo que insisti\u00f3 en que para abril o m\u00e1s tardar en mayo estar\u00e1n vacunados todos los adultos mayores en el estado, para continuar despu\u00e9s con los maestros.<\/p>\n\n\n\n<p>&#8220;El pueblo ha tendido la bondad y disciplina de aplicar las medias de prevenci\u00f3n necesarias con la sana distancia, eso nos mantiene en amarillo, pronto pasaremos al verde y pasaremos con dos verdes consecutivos, no s\u00f3lo a cumplir el compromiso del presidente que es vacunar a todos los adultos mayores antes de que termine el mes de abril, a principios de mayo a m\u00e1s tardar&#8221;, finaliz\u00f3.<\/p>\n\n\n\n<p>Los 13 m\u00f3dulos de vacunaci\u00f3n en Xalapa contin\u00faan dando este servicio de 8 de la ma\u00f1ana a 6 de la tarde.<\/p>\n","protected":false},"excerpt":{"rendered":"<p>Dar\u00edo Pale Xalapa, Ver.- El d\u00eda de hoy se registr\u00f3 menos afluencia\u00a0en los m\u00f3dulos de vacunaci\u00f3n contra COVID-19 a adultos mayores en Xalapa a diferencia de los primeros d\u00edas ya no se registran grandes filas o aglomeraciones. El Delegado del Bienestar en Veracruz, Manuel Huerta Ladr\u00f3n de Guevara, dio a conocer que con\u00a0el pasar de [&hellip;]<\/p>\n","protected":false},"author":1,"featured_media":11970,"comment_status":"open","ping_status":"open","sticky":false,"template":"","format":"standard","meta":{"_jetpack_memberships_contains_paid_content":false,"footnotes":""},"categories":[9],"tags":[],"class_list":["post-11969","post","type-post","status-publish","format-standard","has-post-thumbnail","hentry","category-salud"],"jetpack_featured_media_url":"https:\/\/encuentroinformativo.com.mx\/wp-content\/uploads\/2021\/03\/FCD99AC3-4EFA-4A0F-BDE8-7E7337ABC2D9.jpeg","jetpack_sharing_enabled":true,"jetpack_likes_enabled":true,"amp_enabled":true,"_links":{"self":[{"href":"https:\/\/encuentroinformativo.com.mx\/index.php?rest_route=\/wp\/v2\/posts\/11969","targetHints":{"allow":["GET"]}}],"collection":[{"href":"https:\/\/encuentroinformativo.com.mx\/index.php?rest_route=\/wp\/v2\/posts"}],"about":[{"href":"https:\/\/encuentroinformativo.com.mx\/index.php?rest_route=\/wp\/v2\/types\/post"}],"author":[{"embeddable":true,"href":"https:\/\/encuentroinformativo.com.mx\/index.php?rest_route=\/wp\/v2\/users\/1"}],"replies":[{"embeddable":true,"href":"https:\/\/encuentroinformativo.com.mx\/index.php?rest_route=%2Fwp%2Fv2%2Fcomments&post=11969"}],"version-history":[{"count":1,"href":"https:\/\/encuentroinformativo.com.mx\/index.php?rest_route=\/wp\/v2\/posts\/11969\/revisions"}],"predecessor-version":[{"id":11971,"href":"https:\/\/encuentroinformativo.com.mx\/index.php?rest_route=\/wp\/v2\/posts\/11969\/revisions\/11971"}],"wp:featuredmedia":[{"embeddable":true,"href":"https:\/\/encuentroinformativo.com.mx\/index.php?rest_route=\/wp\/v2\/media\/11970"}],"wp:attachment":[{"href":"https:\/\/encuentroinformativo.com.mx\/index.php?rest_route=%2Fwp%2Fv2%2Fmedia&parent=11969"}],"wp:term":[{"taxonomy":"category","embeddable":true,"href":"https:\/\/encuentroinformativo.com.mx\/index.php?rest_route=%2Fwp%2Fv2%2Fcategories&post=11969"},{"taxonomy":"post_tag","embeddable":true,"href":"https:\/\/encuentroinformativo.com.mx\/index.php?rest_route=%2Fwp%2Fv2%2Ftags&post=11969"}],"curies":[{"name":"wp","href":"https:\/\/api.w.org\/{rel}","templated":true}]}}