{"id":11972,"date":"2021-03-15T13:49:14","date_gmt":"2021-03-15T19:49:14","guid":{"rendered":"https:\/\/encuentroinformativo.com.mx\/?p=11972"},"modified":"2021-03-15T13:49:17","modified_gmt":"2021-03-15T19:49:17","slug":"puente-genero-repunte-de-60-palaperos","status":"publish","type":"post","link":"https:\/\/encuentroinformativo.com.mx\/?p=11972","title":{"rendered":"Puente gener\u00f3 repunte de 60%: Palaperos"},"content":{"rendered":"\n<p><strong>Alejandro \u00c1vila<\/strong><\/p>\n\n\n\n<p>Veracruz, Ver.- El &#8220;puente&#8221; de este fin de semana trajo decenas de visitantes a las playas del municipio de Veracruz, por lo que seg\u00fan la estimaci\u00f3n de los palaperos de la zona de Villa del Mar, el repunte en ventas fue de un 60 por ciento.<\/p>\n\n\n\n<p>V\u00edctor Morales Mar, due\u00f1o de la palapa &#8220;Buchaca&#8221;, mencion\u00f3 que del 12 de marzo hasta este lunes 15 de marzo, la afluencia en las playas de la zona fue muy alta, por lo que el flujo econ\u00f3mico fue bueno, al tiempo que dijo ya necesitaban algo as\u00ed, tras un a\u00f1o de ventas casi nulas.<\/p>\n\n\n\n<p>\u201cNo vamos a mentir, un respiro bastante grande, gracias a Dios no esper\u00e1bamos tanta gente como la que se dio ayer y antier y hoy otro poquito m\u00e1s, nos subi\u00f3 la venta como 60 por ciento\u201d, expres\u00f3.<\/p>\n\n\n\n<p>Se\u00f1al\u00f3 que una parte de este incremento ha sido gracias al inicio de la vacunaci\u00f3n contra el COVID-19, pero otra parte es gracias al Ayuntamiento de Veracruz, que no ha dejado de promocionar la ciudad para que sea visitada.<\/p>\n\n\n\n<p>A pesar de la gran visita de gente, asegur\u00f3 que siempre mantuvieron las medidas sanitarias adecuadas para poder laborar.<\/p>\n\n\n\n<p>Dado los resultados que se tuvieron en este segundo fin de semana largo, lo que esperan ahora para Semana Santa es alcanzar un repunte de ventas del 80 por ciento.<\/p>\n","protected":false},"excerpt":{"rendered":"<p>Alejandro \u00c1vila Veracruz, Ver.- El &#8220;puente&#8221; de este fin de semana trajo decenas de visitantes a las playas del municipio de Veracruz, por lo que seg\u00fan la estimaci\u00f3n de los palaperos de la zona de Villa del Mar, el repunte en ventas fue de un 60 por ciento. V\u00edctor Morales Mar, due\u00f1o de la palapa [&hellip;]<\/p>\n","protected":false},"author":1,"featured_media":11973,"comment_status":"open","ping_status":"open","sticky":false,"template":"","format":"standard","meta":{"_jetpack_memberships_contains_paid_content":false,"footnotes":""},"categories":[2],"tags":[],"class_list":["post-11972","post","type-post","status-publish","format-standard","has-post-thumbnail","hentry","category-estado"],"jetpack_featured_media_url":"https:\/\/encuentroinformativo.com.mx\/wp-content\/uploads\/2021\/03\/FEB7A186-3216-4BE6-ACF0-2638E011CDEA.jpeg","jetpack_sharing_enabled":true,"jetpack_likes_enabled":true,"amp_enabled":true,"_links":{"self":[{"href":"https:\/\/encuentroinformativo.com.mx\/index.php?rest_route=\/wp\/v2\/posts\/11972","targetHints":{"allow":["GET"]}}],"collection":[{"href":"https:\/\/encuentroinformativo.com.mx\/index.php?rest_route=\/wp\/v2\/posts"}],"about":[{"href":"https:\/\/encuentroinformativo.com.mx\/index.php?rest_route=\/wp\/v2\/types\/post"}],"author":[{"embeddable":true,"href":"https:\/\/encuentroinformativo.com.mx\/index.php?rest_route=\/wp\/v2\/users\/1"}],"replies":[{"embeddable":true,"href":"https:\/\/encuentroinformativo.com.mx\/index.php?rest_route=%2Fwp%2Fv2%2Fcomments&post=11972"}],"version-history":[{"count":1,"href":"https:\/\/encuentroinformativo.com.mx\/index.php?rest_route=\/wp\/v2\/posts\/11972\/revisions"}],"predecessor-version":[{"id":11974,"href":"https:\/\/encuentroinformativo.com.mx\/index.php?rest_route=\/wp\/v2\/posts\/11972\/revisions\/11974"}],"wp:featuredmedia":[{"embeddable":true,"href":"https:\/\/encuentroinformativo.com.mx\/index.php?rest_route=\/wp\/v2\/media\/11973"}],"wp:attachment":[{"href":"https:\/\/encuentroinformativo.com.mx\/index.php?rest_route=%2Fwp%2Fv2%2Fmedia&parent=11972"}],"wp:term":[{"taxonomy":"category","embeddable":true,"href":"https:\/\/encuentroinformativo.com.mx\/index.php?rest_route=%2Fwp%2Fv2%2Fcategories&post=11972"},{"taxonomy":"post_tag","embeddable":true,"href":"https:\/\/encuentroinformativo.com.mx\/index.php?rest_route=%2Fwp%2Fv2%2Ftags&post=11972"}],"curies":[{"name":"wp","href":"https:\/\/api.w.org\/{rel}","templated":true}]}}