{"id":11985,"date":"2021-03-15T20:00:30","date_gmt":"2021-03-16T02:00:30","guid":{"rendered":"https:\/\/encuentroinformativo.com.mx\/?p=11985"},"modified":"2021-03-15T20:00:30","modified_gmt":"2021-03-16T02:00:30","slug":"por-elecciones-promueve-gobierno-firma-de-acuerdo-veracruz","status":"publish","type":"post","link":"https:\/\/encuentroinformativo.com.mx\/?p=11985","title":{"rendered":"Por elecciones, promueve Gobierno firma de Acuerdo Veracruz"},"content":{"rendered":"\n<p><strong>Dar\u00edo Pale<\/strong> <\/p>\n\n\n\n<p>Xalapa, Ver.- Con la finalidad de garantizar la seguridad de\u00a0los participantes de este proceso electoral, se firmar\u00e1 un acuerdo con los partidos pol\u00edticos y actores pol\u00edticos, as\u00ed lo inform\u00f3 el\u00a0gobernador de Veracruz, Cuitl\u00e1huac Garc\u00eda Jim\u00e9nez.<\/p>\n\n\n\n<p>En conferencia de prensa realizada en la sala de Banderas de palacio de gobierno, el secretario de Gobierno, Eric Patrocinio Cisneros Burgos, dio a conocer el pronunciamiento <em>Acuerdo Veracruz por la Democracia 2021<\/em>, el cual se pretende comenzar a firmar el pr\u00f3ximo lunes 22 del presente.<\/p>\n\n\n\n<p>Este incluir\u00e1 no solo a los participantes pol\u00edticos del proceso electoral, sino tambi\u00e9n a empresarios, l\u00edderes religiosos y a los organismos electorales como lo son el OPLE y el Instituto Nacional Electoral (INE); as\u00ed como a las fuerzas de seguridad locales, estatales y federales.<\/p>\n\n\n\n<p>Dio a conocer que es un compromiso del gobierno el dar la seguridad y el respeto a la elecci\u00f3n ciudadana, ya que es a trav\u00e9s del voto que se podr\u00e1 avanzar, sin regateos, hacia un mejor orden social y abonar a la paz.<\/p>\n\n\n\n<p>\u201cHoy nos convoca a asegurar la participaci\u00f3n de la ciudadan\u00eda en el presente proceso electoral, que garantice ser ejemplares y c\u00edvicos en la jornada del pr\u00f3ximo domingo 6 de junio. Hoy nos convoca la corresponsabilidad de todas las fuerzas pol\u00edticas con reprsntetatividad en Veracruz, as\u00ed como de os garantes del estado de derecho en la suscripci\u00f3n del presente acuerdo\u201d, se lee en el Acuerdo.<\/p>\n\n\n\n<p>Al cuestionarle sobre si todos los partidos deber\u00e1n sumarse a este acuerdo, el Secretario de Gobierno puntualiz\u00f3 que no es obligatorio, aunque se pretende reunir a la mayor\u00eda de contendientes del proceso.<\/p>\n\n\n\n<p>Eric Cisneros expuso que la contienda electoral en curso implica la atenci\u00f3n especial a las actuales circunstancias sanitarias in\u00e9ditas, por lo que asegurar la participaci\u00f3n de la poblaci\u00f3n con ejemplaridad c\u00edvica en la jornada del domingo 6 de junio es una responsabilidad compartida.<\/p>\n\n\n\n<p>Agreg\u00f3 que de ah\u00ed nace la suscripci\u00f3n del presente Acuerdo, que\u00a0 convoca a las fuerzas pol\u00edticas con representatividad en la entidad y dem\u00e1s firmantes.<\/p>\n\n\n\n<p>Por su parte, el Mandatario Estatal declar\u00f3 que tambi\u00e9n con esto se busca blindar para que en las candidaturas no se vean infiltrados grupos delincuenciales que, con un puesto de elecci\u00f3n popular, se involucren en los gobiernos.<\/p>\n","protected":false},"excerpt":{"rendered":"<p>Dar\u00edo Pale Xalapa, Ver.- Con la finalidad de garantizar la seguridad de\u00a0los participantes de este proceso electoral, se firmar\u00e1 un acuerdo con los partidos pol\u00edticos y actores pol\u00edticos, as\u00ed lo inform\u00f3 el\u00a0gobernador de Veracruz, Cuitl\u00e1huac Garc\u00eda Jim\u00e9nez. En conferencia de prensa realizada en la sala de Banderas de palacio de gobierno, el secretario de Gobierno, [&hellip;]<\/p>\n","protected":false},"author":1,"featured_media":11986,"comment_status":"open","ping_status":"open","sticky":false,"template":"","format":"standard","meta":{"_jetpack_memberships_contains_paid_content":false,"footnotes":""},"categories":[2],"tags":[],"class_list":["post-11985","post","type-post","status-publish","format-standard","has-post-thumbnail","hentry","category-estado"],"jetpack_featured_media_url":"https:\/\/encuentroinformativo.com.mx\/wp-content\/uploads\/2021\/03\/B5A70E0A-FAAF-4391-A0EC-A49BC73689B6.jpeg","jetpack_sharing_enabled":true,"jetpack_likes_enabled":true,"amp_enabled":true,"_links":{"self":[{"href":"https:\/\/encuentroinformativo.com.mx\/index.php?rest_route=\/wp\/v2\/posts\/11985","targetHints":{"allow":["GET"]}}],"collection":[{"href":"https:\/\/encuentroinformativo.com.mx\/index.php?rest_route=\/wp\/v2\/posts"}],"about":[{"href":"https:\/\/encuentroinformativo.com.mx\/index.php?rest_route=\/wp\/v2\/types\/post"}],"author":[{"embeddable":true,"href":"https:\/\/encuentroinformativo.com.mx\/index.php?rest_route=\/wp\/v2\/users\/1"}],"replies":[{"embeddable":true,"href":"https:\/\/encuentroinformativo.com.mx\/index.php?rest_route=%2Fwp%2Fv2%2Fcomments&post=11985"}],"version-history":[{"count":1,"href":"https:\/\/encuentroinformativo.com.mx\/index.php?rest_route=\/wp\/v2\/posts\/11985\/revisions"}],"predecessor-version":[{"id":11987,"href":"https:\/\/encuentroinformativo.com.mx\/index.php?rest_route=\/wp\/v2\/posts\/11985\/revisions\/11987"}],"wp:featuredmedia":[{"embeddable":true,"href":"https:\/\/encuentroinformativo.com.mx\/index.php?rest_route=\/wp\/v2\/media\/11986"}],"wp:attachment":[{"href":"https:\/\/encuentroinformativo.com.mx\/index.php?rest_route=%2Fwp%2Fv2%2Fmedia&parent=11985"}],"wp:term":[{"taxonomy":"category","embeddable":true,"href":"https:\/\/encuentroinformativo.com.mx\/index.php?rest_route=%2Fwp%2Fv2%2Fcategories&post=11985"},{"taxonomy":"post_tag","embeddable":true,"href":"https:\/\/encuentroinformativo.com.mx\/index.php?rest_route=%2Fwp%2Fv2%2Ftags&post=11985"}],"curies":[{"name":"wp","href":"https:\/\/api.w.org\/{rel}","templated":true}]}}