{"id":1199,"date":"2020-03-23T14:44:48","date_gmt":"2020-03-23T20:44:48","guid":{"rendered":"https:\/\/encuentroinformativo.com\/?p=1199"},"modified":"2020-03-23T14:44:50","modified_gmt":"2020-03-23T20:44:50","slug":"integrantes-de-racimos-siguen-acusando-lesiones-por-desalojo","status":"publish","type":"post","link":"https:\/\/encuentroinformativo.com.mx\/?p=1199","title":{"rendered":"Integrantes de Racimos siguen acusando lesiones por desalojo"},"content":{"rendered":"\n<p><strong>Dar\u00edo Pale <\/strong><\/p>\n\n\n\n<p>Xalapa, Ver.- El dirigente de la Red Aut\u00f3noma de Campesinos Ind\u00edgenas, Movimientos y Organizaciones Sociales (RACIMOS), Antonio Hinojosa Salda\u00f1a, dio a conocer que entre las lesiones m\u00e1s graves est\u00e1 la provocada a Antonio L\u00f3pez Ram\u00edrez, un campesino de 46 a\u00f1os originarios del municipio de Tempoal, a quien le causaron da\u00f1o en al menos uno de sus ojos.<\/p>\n\n\n\n<p>Por lo anterior presentaron una queja ante la Comisi\u00f3n Estatal de Derechos Humanos (CEDH), \u201cas\u00ed como iba sangrando estuvo en los separos de la comandancia de la polic\u00eda municipal en Papantla, sin agua, el ba\u00f1o es un hoyo en el suelo con gente saliendo y entrando; \u00e9l no debi\u00f3 estar ah\u00ed\u201d.<\/p>\n\n\n\n<p>Denunci\u00f3 que al menos siete campesinos fueron torturados por polic\u00edas tras la agresi\u00f3n que sufrieron a manos de elementos de la Secretar\u00eda de Seguridad P\u00fablica (SSP) durante una manifestaci\u00f3n previo a la inauguraci\u00f3n de Cumbre Taj\u00edn en el parque Takilh Sukut de Papantla.<\/p>\n\n\n\n<p>\u201cFuimos levantados pr\u00e1cticamente del parque tem\u00e1tico, nos llevaron a una instalaci\u00f3n de Fuerza Civil, hubo tortura, antes de conducirnos a la Fiscal\u00eda General del Estado, los afectados son de diferentes municipios, tenemos a los m\u00e1s graves y les hemos dado seguimiento pero estamos preocupados por un compa\u00f1ero\u201d, acus\u00f3.<\/p>\n\n\n\n<p>Dio a conocer que fueron acusados por el delito de ultrajes a la autoridad bajo la carpeta de investigaci\u00f3n 318\/2020, pero que tras una audiencia el domingo fueron puesto en libertad.<\/p>\n\n\n\n<p>\u201cHubo una audiencia el domingo, nos defendimos de las acusaciones de los polic\u00edas pero se les fue abajo porque no pudieron demostrar, un perito de la \u00a0Fiscal\u00eda determin\u00f3 que los machetes fueron sembrados\u201d, finaliz\u00f3.<\/p>\n\n\n\n<p><\/p>\n","protected":false},"excerpt":{"rendered":"<p>Dar\u00edo Pale Xalapa, Ver.- El dirigente de la Red Aut\u00f3noma de Campesinos Ind\u00edgenas, Movimientos y Organizaciones Sociales (RACIMOS), Antonio Hinojosa Salda\u00f1a, dio a conocer que entre las lesiones m\u00e1s graves est\u00e1 la provocada a Antonio L\u00f3pez Ram\u00edrez, un campesino de 46 a\u00f1os originarios del municipio de Tempoal, a quien le causaron da\u00f1o en al menos [&hellip;]<\/p>\n","protected":false},"author":1,"featured_media":1200,"comment_status":"open","ping_status":"open","sticky":false,"template":"","format":"standard","meta":{"_jetpack_memberships_contains_paid_content":false,"footnotes":""},"categories":[3],"tags":[],"class_list":["post-1199","post","type-post","status-publish","format-standard","has-post-thumbnail","hentry","category-xalapa"],"jetpack_featured_media_url":"https:\/\/encuentroinformativo.com.mx\/wp-content\/uploads\/2020\/03\/5BE5A4A6-1E7D-4E95-A454-10911A143668.jpeg","jetpack_sharing_enabled":true,"jetpack_likes_enabled":true,"amp_enabled":true,"_links":{"self":[{"href":"https:\/\/encuentroinformativo.com.mx\/index.php?rest_route=\/wp\/v2\/posts\/1199","targetHints":{"allow":["GET"]}}],"collection":[{"href":"https:\/\/encuentroinformativo.com.mx\/index.php?rest_route=\/wp\/v2\/posts"}],"about":[{"href":"https:\/\/encuentroinformativo.com.mx\/index.php?rest_route=\/wp\/v2\/types\/post"}],"author":[{"embeddable":true,"href":"https:\/\/encuentroinformativo.com.mx\/index.php?rest_route=\/wp\/v2\/users\/1"}],"replies":[{"embeddable":true,"href":"https:\/\/encuentroinformativo.com.mx\/index.php?rest_route=%2Fwp%2Fv2%2Fcomments&post=1199"}],"version-history":[{"count":1,"href":"https:\/\/encuentroinformativo.com.mx\/index.php?rest_route=\/wp\/v2\/posts\/1199\/revisions"}],"predecessor-version":[{"id":1201,"href":"https:\/\/encuentroinformativo.com.mx\/index.php?rest_route=\/wp\/v2\/posts\/1199\/revisions\/1201"}],"wp:featuredmedia":[{"embeddable":true,"href":"https:\/\/encuentroinformativo.com.mx\/index.php?rest_route=\/wp\/v2\/media\/1200"}],"wp:attachment":[{"href":"https:\/\/encuentroinformativo.com.mx\/index.php?rest_route=%2Fwp%2Fv2%2Fmedia&parent=1199"}],"wp:term":[{"taxonomy":"category","embeddable":true,"href":"https:\/\/encuentroinformativo.com.mx\/index.php?rest_route=%2Fwp%2Fv2%2Fcategories&post=1199"},{"taxonomy":"post_tag","embeddable":true,"href":"https:\/\/encuentroinformativo.com.mx\/index.php?rest_route=%2Fwp%2Fv2%2Ftags&post=1199"}],"curies":[{"name":"wp","href":"https:\/\/api.w.org\/{rel}","templated":true}]}}