{"id":11993,"date":"2021-03-16T12:04:14","date_gmt":"2021-03-16T18:04:14","guid":{"rendered":"https:\/\/encuentroinformativo.com.mx\/?p=11993"},"modified":"2021-03-16T12:04:17","modified_gmt":"2021-03-16T18:04:17","slug":"sin-declaraciones-protestan-mujeres-contra-marcos-isleno","status":"publish","type":"post","link":"https:\/\/encuentroinformativo.com.mx\/?p=11993","title":{"rendered":"Sin declaraciones, protestan mujeres contra Marcos Isle\u00f1o"},"content":{"rendered":"\n<p><strong>Dar\u00edo Pale <\/strong><\/p>\n\n\n\n<p>Xalapa, Ver.- Esta ma\u00f1ana grupo de mujeres realiz\u00f3 un plant\u00f3n en la plaza Lerdo de Xalapa para protestar contra el aspirante a la alcald\u00eda de Medell\u00edn de Bravo, Marcos Isle\u00f1o Andrade, sin\u00a0embargo, las damas no quisieron hacer declaraciones y s\u00f3lo se apostaron con un par de lonas alusivas a la consigna que tra\u00edan.<\/p>\n\n\n\n<p>Incluso, no pudieron dar el nombre del sujeto en cuesti\u00f3n ni del lugar de donde proven\u00edan, incluso no quer\u00edan dar ning\u00fan tipo de declaraci\u00f3n a los diferentes medios de comunicaci\u00f3n.<\/p>\n\n\n\n<p>&#8220;Somos de Medellin Bravo, estamos contra el se\u00f1or Marcos, s\u00f3lo \u00e9l sabe el motivo, no les podemos decir m\u00e1s, solamente no lo queremos. A nosotros no nos ha hecho nada, pero sabemos cosas de \u00e9l&#8221;, dio a conocer una de las manifestantes.<\/p>\n\n\n\n<p>Las quejosas permanecieron en la plaza Lerdo junto a otras protestas durante la ma\u00f1ana del martes, y solo se\u00f1alaron que lo que quer\u00edan expresar estaba impreso en las lonas que mostraban sin conocer lo que se\u00f1alaban.<\/p>\n\n\n\n<p>Marcos Isle\u00f1o suena como uno de los perfiles a la presidencia municipal de Medell\u00edn de Bravo por la coalici\u00f3n de Morena, el Partido Verde y del Trabajo.<\/p>\n","protected":false},"excerpt":{"rendered":"<p>Dar\u00edo Pale Xalapa, Ver.- Esta ma\u00f1ana grupo de mujeres realiz\u00f3 un plant\u00f3n en la plaza Lerdo de Xalapa para protestar contra el aspirante a la alcald\u00eda de Medell\u00edn de Bravo, Marcos Isle\u00f1o Andrade, sin\u00a0embargo, las damas no quisieron hacer declaraciones y s\u00f3lo se apostaron con un par de lonas alusivas a la consigna que tra\u00edan. [&hellip;]<\/p>\n","protected":false},"author":1,"featured_media":11994,"comment_status":"open","ping_status":"open","sticky":false,"template":"","format":"standard","meta":{"_jetpack_memberships_contains_paid_content":false,"footnotes":""},"categories":[2],"tags":[],"class_list":["post-11993","post","type-post","status-publish","format-standard","has-post-thumbnail","hentry","category-estado"],"jetpack_featured_media_url":"https:\/\/encuentroinformativo.com.mx\/wp-content\/uploads\/2021\/03\/CB709F66-F27B-4744-813B-CC14B9B43249.jpeg","jetpack_sharing_enabled":true,"jetpack_likes_enabled":true,"amp_enabled":true,"_links":{"self":[{"href":"https:\/\/encuentroinformativo.com.mx\/index.php?rest_route=\/wp\/v2\/posts\/11993","targetHints":{"allow":["GET"]}}],"collection":[{"href":"https:\/\/encuentroinformativo.com.mx\/index.php?rest_route=\/wp\/v2\/posts"}],"about":[{"href":"https:\/\/encuentroinformativo.com.mx\/index.php?rest_route=\/wp\/v2\/types\/post"}],"author":[{"embeddable":true,"href":"https:\/\/encuentroinformativo.com.mx\/index.php?rest_route=\/wp\/v2\/users\/1"}],"replies":[{"embeddable":true,"href":"https:\/\/encuentroinformativo.com.mx\/index.php?rest_route=%2Fwp%2Fv2%2Fcomments&post=11993"}],"version-history":[{"count":1,"href":"https:\/\/encuentroinformativo.com.mx\/index.php?rest_route=\/wp\/v2\/posts\/11993\/revisions"}],"predecessor-version":[{"id":11995,"href":"https:\/\/encuentroinformativo.com.mx\/index.php?rest_route=\/wp\/v2\/posts\/11993\/revisions\/11995"}],"wp:featuredmedia":[{"embeddable":true,"href":"https:\/\/encuentroinformativo.com.mx\/index.php?rest_route=\/wp\/v2\/media\/11994"}],"wp:attachment":[{"href":"https:\/\/encuentroinformativo.com.mx\/index.php?rest_route=%2Fwp%2Fv2%2Fmedia&parent=11993"}],"wp:term":[{"taxonomy":"category","embeddable":true,"href":"https:\/\/encuentroinformativo.com.mx\/index.php?rest_route=%2Fwp%2Fv2%2Fcategories&post=11993"},{"taxonomy":"post_tag","embeddable":true,"href":"https:\/\/encuentroinformativo.com.mx\/index.php?rest_route=%2Fwp%2Fv2%2Ftags&post=11993"}],"curies":[{"name":"wp","href":"https:\/\/api.w.org\/{rel}","templated":true}]}}