{"id":11999,"date":"2021-03-16T13:49:27","date_gmt":"2021-03-16T19:49:27","guid":{"rendered":"https:\/\/encuentroinformativo.com.mx\/?p=11999"},"modified":"2021-03-16T13:49:30","modified_gmt":"2021-03-16T19:49:30","slug":"se-instalan-400-pueblos-en-plaza-lerdo","status":"publish","type":"post","link":"https:\/\/encuentroinformativo.com.mx\/?p=11999","title":{"rendered":"Se instalan 400 Pueblos en Plaza Lerdo"},"content":{"rendered":"\n<p><strong>Juan Arcos\/Dar\u00edo Pale <\/strong><\/p>\n\n\n\n<p>Xalapa, Ver.- Integrantes del Movimiento de los 400 Pueblos montaron casas de campa\u00f1a sobre Plaza Sebasti\u00e1n Lerdo de Tejada para iniciar una jornada de protestas en la capital del estado.<\/p>\n\n\n\n<p>El l\u00edder de la agrupaci\u00f3n, Marco Antonio del \u00c1ngel Arroyo, denunci\u00f3 que integrantes de dicho movimiento han sido detenidos en los municipios de Tihuatl\u00e1n y \u00c1lamo Temapache.<\/p>\n\n\n\n<p>Cerca del mediod\u00eda los integrantes de la agrupaci\u00f3n se apostaron en la principal plaza publica de la Capital del Estado, en donde instalaron casas de campa\u00f1a y lonas para pasar la noche,\u00a0explic\u00f3 que el motivo de la manifestaci\u00f3n es que el fin de semana pasado fue detenido el joven Raymundo Cruz Salazar sin ninguna orden de aprehensi\u00f3n.<br><br>\u201cLa jueza M\u00f3nica Segovia, que estuvo en Pacho Viejo y ahora est\u00e1 en Tihuatl\u00e1n, detuvieron a un compa\u00f1ero que se llama Ren\u00e9 Jim\u00e9nez Santos, lo detuvieron porque un d\u00eda antes la polic\u00eda ministerial quiso levantar a un joven de 17 a\u00f1os, que se llama Raymundo Salazar, ante este hecho nosotros hicimos una denuncia en Tihuatl\u00e1n, ellos para compensar su error detuvieron al compa\u00f1ero, le dieron prisi\u00f3n preventiva el d\u00eda de ayer (lunes)\u201d, manifest\u00f3.\u00a0<\/p>\n\n\n\n<p>El entrevistado acus\u00f3 que en dichos lugares de la zona norte de la entidad hay jueces y fiscales al servicio del exgobernador panista Miguel \u00c1ngel Yunes Linares.<\/p>\n\n\n\n<p>\u201cJueces y fiscales cumplen instrucciones de Yunes, de Gregorio G\u00f3mez, es un grupo pol\u00edtico que tiene dinero y que se mantiene en la impunidad\u201d, sostuvo.<\/p>\n\n\n\n<p>Esta agrupaci\u00f3n arrib\u00f3 a la capital del estado unas horas despu\u00e9s de que Yunes Linares se pronunciara en contra de la detenci\u00f3n de su secretario de gobierno, Rogelio Franco Cast\u00e1n, y denunciara que se trata de un \u201cpreso pol\u00edtico\u201d en la actual administraci\u00f3n estatal.<\/p>\n\n\n\n<p>Del \u00c1ngel Arroyo record\u00f3 que ha presentado m\u00e1s de siete denuncias contra Yunes Linares que no han procedido en la Fiscal\u00eda General del Estado (FGE).<\/p>\n\n\n\n<p>Adem\u00e1s, reprob\u00f3 que elementos de la Secretar\u00eda de Seguridad P\u00fablica (SSP), intervengan y arresten a personas que se manifiestan de manera pac\u00edfica en la entidad, refiri\u00e9ndose al caso del l\u00edder de centros de verificaci\u00f3n, Eduardo Mario Casares Sort de Sans, detenido esta ma\u00f1ana afuera de la Secretar\u00eda de Medio Ambiente (Sedema) en una protesta.<\/p>\n\n\n\n<p>\u201cSe tiene que ver lo genuino de las denuncias, se tiene que ver si est\u00e1n violentando derechos de terceros, se tiene que ver si est\u00e1n interrumpiendo el tr\u00e1fico, pero los movimientos y las protestas son parte de la democracia de M\u00e9xico, es un derecho constitucional, hay reglas para protestar. Las manifestaciones son un derecho no de los gobernantes sino de los gobernados\u201d, remat\u00f3 el l\u00edder de los 400 Pueblos.<\/p>\n\n\n\n<p>En otro orden de ideas, cuestionado sobre la aspiraci\u00f3n de Miguel \u00c1ngel Yunes M\u00e1rquez a la alcald\u00eda del municipio de Veracruz, opin\u00f3 que deber\u00eda ser candidato en Miami,\u00a0&#8220;ha vivido m\u00e1s a\u00f1os en Miami que en el puerto de Veracruz. El problema es el r\u00e9gimen patrimonialista que hay en el Estado, \u00e9l fue alcalde de Boca del R\u00edo y en unos meses se quiere ir a Veracruz, es una burla para los ciudadanos&#8221;, a\u00f1adi\u00f3.<\/p>\n\n\n\n<figure class=\"wp-block-image size-large\"><img loading=\"lazy\" decoding=\"async\" width=\"1024\" height=\"518\" src=\"https:\/\/encuentroinformativo.com.mx\/wp-content\/uploads\/2021\/03\/69E5D89D-71C4-40A6-A6A4-A5C045CB3564-1024x518.jpeg\" alt=\"\" class=\"wp-image-12001\" srcset=\"https:\/\/encuentroinformativo.com.mx\/wp-content\/uploads\/2021\/03\/69E5D89D-71C4-40A6-A6A4-A5C045CB3564-1024x518.jpeg 1024w, https:\/\/encuentroinformativo.com.mx\/wp-content\/uploads\/2021\/03\/69E5D89D-71C4-40A6-A6A4-A5C045CB3564-300x152.jpeg 300w, https:\/\/encuentroinformativo.com.mx\/wp-content\/uploads\/2021\/03\/69E5D89D-71C4-40A6-A6A4-A5C045CB3564-768x389.jpeg 768w, https:\/\/encuentroinformativo.com.mx\/wp-content\/uploads\/2021\/03\/69E5D89D-71C4-40A6-A6A4-A5C045CB3564.jpeg 1279w\" sizes=\"auto, (max-width: 1024px) 100vw, 1024px\" \/><\/figure>\n","protected":false},"excerpt":{"rendered":"<p>Juan Arcos\/Dar\u00edo Pale Xalapa, Ver.- Integrantes del Movimiento de los 400 Pueblos montaron casas de campa\u00f1a sobre Plaza Sebasti\u00e1n Lerdo de Tejada para iniciar una jornada de protestas en la capital del estado. El l\u00edder de la agrupaci\u00f3n, Marco Antonio del \u00c1ngel Arroyo, denunci\u00f3 que integrantes de dicho movimiento han sido detenidos en los municipios [&hellip;]<\/p>\n","protected":false},"author":1,"featured_media":12000,"comment_status":"open","ping_status":"open","sticky":false,"template":"","format":"standard","meta":{"_jetpack_memberships_contains_paid_content":false,"footnotes":""},"categories":[3],"tags":[],"class_list":["post-11999","post","type-post","status-publish","format-standard","has-post-thumbnail","hentry","category-xalapa"],"jetpack_featured_media_url":"https:\/\/encuentroinformativo.com.mx\/wp-content\/uploads\/2021\/03\/54891B33-68A4-40D6-9200-A36139A1D207.jpeg","jetpack_sharing_enabled":true,"jetpack_likes_enabled":true,"amp_enabled":true,"_links":{"self":[{"href":"https:\/\/encuentroinformativo.com.mx\/index.php?rest_route=\/wp\/v2\/posts\/11999","targetHints":{"allow":["GET"]}}],"collection":[{"href":"https:\/\/encuentroinformativo.com.mx\/index.php?rest_route=\/wp\/v2\/posts"}],"about":[{"href":"https:\/\/encuentroinformativo.com.mx\/index.php?rest_route=\/wp\/v2\/types\/post"}],"author":[{"embeddable":true,"href":"https:\/\/encuentroinformativo.com.mx\/index.php?rest_route=\/wp\/v2\/users\/1"}],"replies":[{"embeddable":true,"href":"https:\/\/encuentroinformativo.com.mx\/index.php?rest_route=%2Fwp%2Fv2%2Fcomments&post=11999"}],"version-history":[{"count":1,"href":"https:\/\/encuentroinformativo.com.mx\/index.php?rest_route=\/wp\/v2\/posts\/11999\/revisions"}],"predecessor-version":[{"id":12002,"href":"https:\/\/encuentroinformativo.com.mx\/index.php?rest_route=\/wp\/v2\/posts\/11999\/revisions\/12002"}],"wp:featuredmedia":[{"embeddable":true,"href":"https:\/\/encuentroinformativo.com.mx\/index.php?rest_route=\/wp\/v2\/media\/12000"}],"wp:attachment":[{"href":"https:\/\/encuentroinformativo.com.mx\/index.php?rest_route=%2Fwp%2Fv2%2Fmedia&parent=11999"}],"wp:term":[{"taxonomy":"category","embeddable":true,"href":"https:\/\/encuentroinformativo.com.mx\/index.php?rest_route=%2Fwp%2Fv2%2Fcategories&post=11999"},{"taxonomy":"post_tag","embeddable":true,"href":"https:\/\/encuentroinformativo.com.mx\/index.php?rest_route=%2Fwp%2Fv2%2Ftags&post=11999"}],"curies":[{"name":"wp","href":"https:\/\/api.w.org\/{rel}","templated":true}]}}