{"id":12009,"date":"2021-03-16T16:39:32","date_gmt":"2021-03-16T22:39:32","guid":{"rendered":"https:\/\/encuentroinformativo.com.mx\/?p=12009"},"modified":"2021-03-16T16:39:35","modified_gmt":"2021-03-16T22:39:35","slug":"usuarios-atacan-a-tomatazos-sede-de-grupo-mas","status":"publish","type":"post","link":"https:\/\/encuentroinformativo.com.mx\/?p=12009","title":{"rendered":"Usuarios atacan a tomatazos sede de Grupo MAS"},"content":{"rendered":"\n<p><strong>Alejandro \u00c1vila<\/strong><\/p>\n\n\n\n<p>Veracruz, Ver.- Al menos cinco decenas de veracruzanos acudieron a las oficinas de Grupo MAS en la calle Santos P\u00e9rez Abascal esquina Miguel Alem\u00e1n, para arrojar tomates a la fachada, en reclamo por el p\u00e9simo servicio de agua que reciben.<\/p>\n\n\n\n<p>El presidente del Movimiento Renovador Democr\u00e1tico, Antonio Moncayo Parra, afirm\u00f3 que la empresa privada ha realizado cortes en el suministro de agua potable de manera indebida.<\/p>\n\n\n\n<p>Durante la manifestaci\u00f3n donde bloquearon la calle, se vivi\u00f3 un momento tenso, pues hubo gritos y jaloneos entre quejosos y polic\u00edas estatales.<\/p>\n\n\n\n<p>&#8220;Vamos a convocar al pago justo, si las tarifas son muy altas que no paguen, si nos ofrecen algo que uno no consumi\u00f3 los invitamos a que no paguen, si no nos dan agua de calidad les pedimos que no paguen&#8221;, sentenci\u00f3 Moncayo Parra.<\/p>\n\n\n\n<p>Las quejas se extienden en el municipio de Medell\u00edn de Bravo donde usuarios tambi\u00e9n reclaman que Grupo MAS no suministra agua de calidad a los usuarios de colonias y fraccionamientos de la zona metropolitana.<\/p>\n\n\n\n<p>&#8220;La demanda es que se vaya, ya no los queremos en Veracruz, la situaci\u00f3n es que a\u00fan con la pandemia ellos cortaban el agua y el drenaje, hemos sido atacados con estas acciones inhumanas&#8221;.<\/p>\n","protected":false},"excerpt":{"rendered":"<p>Alejandro \u00c1vila Veracruz, Ver.- Al menos cinco decenas de veracruzanos acudieron a las oficinas de Grupo MAS en la calle Santos P\u00e9rez Abascal esquina Miguel Alem\u00e1n, para arrojar tomates a la fachada, en reclamo por el p\u00e9simo servicio de agua que reciben. El presidente del Movimiento Renovador Democr\u00e1tico, Antonio Moncayo Parra, afirm\u00f3 que la empresa [&hellip;]<\/p>\n","protected":false},"author":1,"featured_media":12010,"comment_status":"open","ping_status":"open","sticky":false,"template":"","format":"standard","meta":{"_jetpack_memberships_contains_paid_content":false,"footnotes":""},"categories":[2],"tags":[],"class_list":["post-12009","post","type-post","status-publish","format-standard","has-post-thumbnail","hentry","category-estado"],"jetpack_featured_media_url":"https:\/\/encuentroinformativo.com.mx\/wp-content\/uploads\/2021\/03\/51FE5AAB-ED26-4B34-8880-7A91669AC3C9.jpeg","jetpack_sharing_enabled":true,"jetpack_likes_enabled":true,"amp_enabled":true,"_links":{"self":[{"href":"https:\/\/encuentroinformativo.com.mx\/index.php?rest_route=\/wp\/v2\/posts\/12009","targetHints":{"allow":["GET"]}}],"collection":[{"href":"https:\/\/encuentroinformativo.com.mx\/index.php?rest_route=\/wp\/v2\/posts"}],"about":[{"href":"https:\/\/encuentroinformativo.com.mx\/index.php?rest_route=\/wp\/v2\/types\/post"}],"author":[{"embeddable":true,"href":"https:\/\/encuentroinformativo.com.mx\/index.php?rest_route=\/wp\/v2\/users\/1"}],"replies":[{"embeddable":true,"href":"https:\/\/encuentroinformativo.com.mx\/index.php?rest_route=%2Fwp%2Fv2%2Fcomments&post=12009"}],"version-history":[{"count":1,"href":"https:\/\/encuentroinformativo.com.mx\/index.php?rest_route=\/wp\/v2\/posts\/12009\/revisions"}],"predecessor-version":[{"id":12011,"href":"https:\/\/encuentroinformativo.com.mx\/index.php?rest_route=\/wp\/v2\/posts\/12009\/revisions\/12011"}],"wp:featuredmedia":[{"embeddable":true,"href":"https:\/\/encuentroinformativo.com.mx\/index.php?rest_route=\/wp\/v2\/media\/12010"}],"wp:attachment":[{"href":"https:\/\/encuentroinformativo.com.mx\/index.php?rest_route=%2Fwp%2Fv2%2Fmedia&parent=12009"}],"wp:term":[{"taxonomy":"category","embeddable":true,"href":"https:\/\/encuentroinformativo.com.mx\/index.php?rest_route=%2Fwp%2Fv2%2Fcategories&post=12009"},{"taxonomy":"post_tag","embeddable":true,"href":"https:\/\/encuentroinformativo.com.mx\/index.php?rest_route=%2Fwp%2Fv2%2Ftags&post=12009"}],"curies":[{"name":"wp","href":"https:\/\/api.w.org\/{rel}","templated":true}]}}