{"id":12015,"date":"2021-03-16T16:54:20","date_gmt":"2021-03-16T22:54:20","guid":{"rendered":"https:\/\/encuentroinformativo.com.mx\/?p=12015"},"modified":"2021-03-16T16:54:23","modified_gmt":"2021-03-16T22:54:23","slug":"a-la-baja-traslados-por-pacientes-covid-en-boca","status":"publish","type":"post","link":"https:\/\/encuentroinformativo.com.mx\/?p=12015","title":{"rendered":"A la baja traslados por pacientes Covid en Boca"},"content":{"rendered":"\n<p><strong>Alejandro \u00c1vila<\/strong><\/p>\n\n\n\n<p>Boca del R\u00edo, Ver.- El presidente de Patronato de Bomberos Conurbados, Antonio Chedraui Bolado, mencion\u00f3 que durante las \u00faltimas semanas han disminuido los traslados de pacientes COVID en el municipio de Boca del R\u00edo.<\/p>\n\n\n\n<p>Expuso que a inicios de a\u00f1o hab\u00eda ocasiones que hasta 6 servicios de traslado de pacientes COVID realizaban al d\u00eda; adem\u00e1s de presentar al menos una persona fallecida cada dos d\u00edas.<\/p>\n\n\n\n<p>A la fecha, se\u00f1al\u00f3 que solo hacen dos servicio al d\u00eda.<\/p>\n\n\n\n<p>&#8220;Y ya ahorita fallecidos en domicilios pr\u00e1cticamente no hay y si estamos atendiendo una o dos llamadas, m\u00e1s la Cruz Roja que trae unas dos diarias&#8221;, coment\u00f3.<\/p>\n\n\n\n<p>Las capsulas de traslado que ellos mismos manufacturaron, a\u00fan las siguen utilizando, y estas han servido para reducir el n\u00famero de elementos contagiados durante el a\u00f1o que se lleva de pandemia.<\/p>\n","protected":false},"excerpt":{"rendered":"<p>Alejandro \u00c1vila Boca del R\u00edo, Ver.- El presidente de Patronato de Bomberos Conurbados, Antonio Chedraui Bolado, mencion\u00f3 que durante las \u00faltimas semanas han disminuido los traslados de pacientes COVID en el municipio de Boca del R\u00edo. Expuso que a inicios de a\u00f1o hab\u00eda ocasiones que hasta 6 servicios de traslado de pacientes COVID realizaban al [&hellip;]<\/p>\n","protected":false},"author":1,"featured_media":12016,"comment_status":"open","ping_status":"open","sticky":false,"template":"","format":"standard","meta":{"_jetpack_memberships_contains_paid_content":false,"footnotes":""},"categories":[9],"tags":[],"class_list":["post-12015","post","type-post","status-publish","format-standard","has-post-thumbnail","hentry","category-salud"],"jetpack_featured_media_url":"https:\/\/encuentroinformativo.com.mx\/wp-content\/uploads\/2021\/03\/4B318BB8-7434-4DFF-BAE0-E7A7E9F65F62.jpeg","jetpack_sharing_enabled":true,"jetpack_likes_enabled":true,"amp_enabled":true,"_links":{"self":[{"href":"https:\/\/encuentroinformativo.com.mx\/index.php?rest_route=\/wp\/v2\/posts\/12015","targetHints":{"allow":["GET"]}}],"collection":[{"href":"https:\/\/encuentroinformativo.com.mx\/index.php?rest_route=\/wp\/v2\/posts"}],"about":[{"href":"https:\/\/encuentroinformativo.com.mx\/index.php?rest_route=\/wp\/v2\/types\/post"}],"author":[{"embeddable":true,"href":"https:\/\/encuentroinformativo.com.mx\/index.php?rest_route=\/wp\/v2\/users\/1"}],"replies":[{"embeddable":true,"href":"https:\/\/encuentroinformativo.com.mx\/index.php?rest_route=%2Fwp%2Fv2%2Fcomments&post=12015"}],"version-history":[{"count":1,"href":"https:\/\/encuentroinformativo.com.mx\/index.php?rest_route=\/wp\/v2\/posts\/12015\/revisions"}],"predecessor-version":[{"id":12017,"href":"https:\/\/encuentroinformativo.com.mx\/index.php?rest_route=\/wp\/v2\/posts\/12015\/revisions\/12017"}],"wp:featuredmedia":[{"embeddable":true,"href":"https:\/\/encuentroinformativo.com.mx\/index.php?rest_route=\/wp\/v2\/media\/12016"}],"wp:attachment":[{"href":"https:\/\/encuentroinformativo.com.mx\/index.php?rest_route=%2Fwp%2Fv2%2Fmedia&parent=12015"}],"wp:term":[{"taxonomy":"category","embeddable":true,"href":"https:\/\/encuentroinformativo.com.mx\/index.php?rest_route=%2Fwp%2Fv2%2Fcategories&post=12015"},{"taxonomy":"post_tag","embeddable":true,"href":"https:\/\/encuentroinformativo.com.mx\/index.php?rest_route=%2Fwp%2Fv2%2Ftags&post=12015"}],"curies":[{"name":"wp","href":"https:\/\/api.w.org\/{rel}","templated":true}]}}