{"id":12030,"date":"2021-03-17T09:09:09","date_gmt":"2021-03-17T15:09:09","guid":{"rendered":"https:\/\/encuentroinformativo.com.mx\/?p=12030"},"modified":"2021-03-17T09:09:14","modified_gmt":"2021-03-17T15:09:14","slug":"coatepec-zarate-o-salas","status":"publish","type":"post","link":"https:\/\/encuentroinformativo.com.mx\/?p=12030","title":{"rendered":"Coatepec: Z\u00e1rate o Salas"},"content":{"rendered":"\n<p><strong>Los Pol\u00edticos<\/strong><\/p>\n\n\n\n<p><strong>Salvador Mu\u00f1oz<\/strong><\/p>\n\n\n\n<p>En Coatepec, parece que est\u00e1n cantadas las candidaturas en Morena, al menos para la presidencia municipal con Raymundo Andrade, como la curul federal, con Adri\u00e1n Gonz\u00e1lez Naveda, teniendo pendiente la diputaci\u00f3n local, esto, despu\u00e9s de que en el partido se decidi\u00f3 de que en ambos distritos como la alcald\u00eda, fuera puro var\u00f3n\u2026<\/p>\n\n\n\n<p>Entre los aspirantes a la curul local aparece Luis Ronaldo Z\u00e1rate y si el coatepecano no lo conoce, ha de ser por varias razones, estando entre ellas las siguientes:<\/p>\n\n\n\n<p>1.- El se\u00f1or Z\u00e1rate es avecindado en Guadalupe Victoria, municipio de San Andr\u00e9s Tlalnelhuayocan\u2026 conste, dije \u201cavecindado\u201d. No se preocupe si eso no ayuda mucho, porque en Tlalnelhuayocan tampoco lo conocen.<\/p>\n\n\n\n<p>2.- Ahora que quiz\u00e1s lo ubique como el ex secretario particular del Gobernador, quien renunci\u00f3 al cargo este pasado 6 de enero. \u00bfTampoco? Creo que por ser el ex particular del mandatario, no le qued\u00f3 el saco \u00e9se que dijo Cuitl\u00e1huc: \u201cNing\u00fan secretario, subsecretario o director general podr\u00e1 irse como candidato\u201d&#8230; \u00bfo s\u00ed, pero como es su cuate, se le dispensa?<\/p>\n\n\n\n<p>3.- \u00a1Ah! En Palacio de Gobierno es m\u00e1s reconocido como quien se met\u00eda en una botarga para animar las campa\u00f1as tanto de Cuitl\u00e1huac como de L\u00f3pez Obrador cuando visitaba Veracruz.<\/p>\n\n\n\n<p>Bueno, quiz\u00e1s por eso, y por haberlo agarrado de sorpresa su repentino inter\u00e9s por ser aspirante a candidato a la curul por el distrito de Coatepec, es que junto con sus padrinos pol\u00edticos, Luis Ronaldo se vio obligado a hacer una \u201csuper campa\u00f1a\u201d de promoci\u00f3n de su imagen en aras de que al menos en volantes, lonas y hasta un pasqu\u00edn, la gente lo fuera conociendo\u2026<\/p>\n\n\n\n<p>Tiene poco m\u00e1s de un mes que Coatepec fue invadida por papeles, mantas y este libelo llamado \u201cDe Mano en Mano\u201d ponderando, adem\u00e1s de las bondades de la Cuarta Transformaci\u00f3n, el rostro de Luis Ronaldo.<\/p>\n\n\n\n<p>S\u00ed, estamos de acuerdo, ya hay un medio de propaganda del Cuarto Reich, perd\u00f3n, la Cuarta Transformaci\u00f3n, que si la memoria no me falla, se llama \u201cReichgeneraci\u00f3n\u201d.<\/p>\n\n\n\n<p>Bueno, aclarado este punto, hay que precisar tambi\u00e9n que \u201cDe Mano en Mano\u201d al parecer es el medio de propagaci\u00f3n del Estado, digo, del partido estatal, aunque si analizamos el origen y la relaci\u00f3n de Esteban Ram\u00edrez Zepeta y Cuitl\u00e1huac Garc\u00eda Jim\u00e9nez, al final, \u00a1viene siendo lo mismo!<\/p>\n\n\n\n<p>En una de \u00e9sas, quiz\u00e1s le convenga mejor a Luis Ronaldo Z\u00e1rate disfrazarse de esa botarga de AMLO para que los vecinos del distrito de Coatepec lo ubiquen mejor.<\/p>\n\n\n\n<p>Por cierto, hablando de conveniencias, a Morena ya no le conviene seguir jugando al azar, a la t\u00f3mbola, al amiguismo o compadrazgo en la designaci\u00f3n de candidatos y m\u00e1s en materia del Poder Legislativo. Baste ver el triste papel de la mayor\u00eda de diputados de Morena en esta Legislatura que cuando no evidenciaban su ausencia de historia pol\u00edtica, entonces era desconocimiento legislativo o de plano, apat\u00eda parlamentaria incluso, hasta para pararse en tribuna\u2026 creo que Morena debe evitar llenar los asientos de culiparlantes o botargas, para apostar a candidatos que borren la p\u00e9sima imagen del diputado moreno, que por muchos, han pagado los pocos\u2026 los muy poquitos.<\/p>\n\n\n\n<p>El partido debe tomar en cuenta que para los tiempos que se avecinan, los de la recuperaci\u00f3n en salud y econ\u00f3mica, han de tener gente que entienda de finanzas, de n\u00fameros, de estad\u00edsticas, de proyecciones, prospectivas y que cuando se busque defender un tema, no baste leer bien el discurso preparado por el asesor, sino entenderlo en aras de convencer a trav\u00e9s del argumento, las bondades de una propuesta y no por un simple mayoriteo culiparlante.<\/p>\n\n\n\n<p>As\u00ed las cosas, en el distrito de Coatepec, la decisi\u00f3n est\u00e1 entre Luis Ronaldo Z\u00e1rate y Javier Cruz Salas&#8230;<\/p>\n\n\n\n<p><a>smcainito@gmail.com<\/a><\/p>\n","protected":false},"excerpt":{"rendered":"<p>Los Pol\u00edticos Salvador Mu\u00f1oz En Coatepec, parece que est\u00e1n cantadas las candidaturas en Morena, al menos para la presidencia municipal con Raymundo Andrade, como la curul federal, con Adri\u00e1n Gonz\u00e1lez Naveda, teniendo pendiente la diputaci\u00f3n local, esto, despu\u00e9s de que en el partido se decidi\u00f3 de que en ambos distritos como la alcald\u00eda, fuera puro [&hellip;]<\/p>\n","protected":false},"author":1,"featured_media":70,"comment_status":"open","ping_status":"open","sticky":false,"template":"","format":"standard","meta":{"_jetpack_memberships_contains_paid_content":false,"footnotes":""},"categories":[11],"tags":[],"class_list":["post-12030","post","type-post","status-publish","format-standard","has-post-thumbnail","hentry","category-opinion"],"jetpack_featured_media_url":"https:\/\/encuentroinformativo.com.mx\/wp-content\/uploads\/2020\/02\/opinion-invitado.jpg","jetpack_sharing_enabled":true,"jetpack_likes_enabled":true,"amp_enabled":true,"_links":{"self":[{"href":"https:\/\/encuentroinformativo.com.mx\/index.php?rest_route=\/wp\/v2\/posts\/12030","targetHints":{"allow":["GET"]}}],"collection":[{"href":"https:\/\/encuentroinformativo.com.mx\/index.php?rest_route=\/wp\/v2\/posts"}],"about":[{"href":"https:\/\/encuentroinformativo.com.mx\/index.php?rest_route=\/wp\/v2\/types\/post"}],"author":[{"embeddable":true,"href":"https:\/\/encuentroinformativo.com.mx\/index.php?rest_route=\/wp\/v2\/users\/1"}],"replies":[{"embeddable":true,"href":"https:\/\/encuentroinformativo.com.mx\/index.php?rest_route=%2Fwp%2Fv2%2Fcomments&post=12030"}],"version-history":[{"count":1,"href":"https:\/\/encuentroinformativo.com.mx\/index.php?rest_route=\/wp\/v2\/posts\/12030\/revisions"}],"predecessor-version":[{"id":12031,"href":"https:\/\/encuentroinformativo.com.mx\/index.php?rest_route=\/wp\/v2\/posts\/12030\/revisions\/12031"}],"wp:featuredmedia":[{"embeddable":true,"href":"https:\/\/encuentroinformativo.com.mx\/index.php?rest_route=\/wp\/v2\/media\/70"}],"wp:attachment":[{"href":"https:\/\/encuentroinformativo.com.mx\/index.php?rest_route=%2Fwp%2Fv2%2Fmedia&parent=12030"}],"wp:term":[{"taxonomy":"category","embeddable":true,"href":"https:\/\/encuentroinformativo.com.mx\/index.php?rest_route=%2Fwp%2Fv2%2Fcategories&post=12030"},{"taxonomy":"post_tag","embeddable":true,"href":"https:\/\/encuentroinformativo.com.mx\/index.php?rest_route=%2Fwp%2Fv2%2Ftags&post=12030"}],"curies":[{"name":"wp","href":"https:\/\/api.w.org\/{rel}","templated":true}]}}